{"id":55171,"date":"2025-04-17T10:29:32","date_gmt":"2025-04-17T10:29:32","guid":{"rendered":"https:\/\/dekkbi.com\/?p=55171"},"modified":"2025-04-17T10:29:33","modified_gmt":"2025-04-17T10:29:33","slug":"traitement-des-affaires-judiciaires-le-cored-invite-les-medias-a-plus-de-rigueur","status":"publish","type":"post","link":"https:\/\/dekkbi.com\/?p=55171","title":{"rendered":"Traitement des affaires judiciaires : Le CORED invite les m\u00e9dias \u00e0 plus de rigueur"},"content":{"rendered":"\n<p>Dans un communiqu\u00e9 lu \u00e0 la r\u00e9daction ce mercredi, le Conseil pour l\u2019Observation des R\u00e8gles d\u2019Ethique et de D\u00e9ontologie dans les m\u00e9dias (CORED) invite les cons\u0153urs et confr\u00e8res \u00e0 \u00ab&nbsp;traiter avec discernement et beaucoup de prudence les affaires judiciaires qui font et vont faire l\u2019actualit\u00e9 de ces jours \u00e0 venir.&nbsp;\u00bb Cela en conformit\u00e9 avec le droit du public \u00e0 une information plurielle, de qualit\u00e9 et \u00ab&nbsp;dans le respect du droit \u00e0 la vie priv\u00e9e, des institutions de la R\u00e9publique, de l\u2019ordre public et des bonnes m\u0153urs \u00bb.<\/p>\n\n\n\n<p>Le CORED recommande aux cons\u0153urs et confr\u00e8res de bien \u00ab&nbsp;v\u00e9rifier les images d\u2019illustration pour \u00e9viter de confondre les personnes aux m\u00eames pr\u00e9noms et noms avant toute publication ou diffusion d\u2019images&nbsp;; de faire preuve de pr\u00e9cision et surtout de faire usage du mot juste, afin de ne pas porter pr\u00e9judice \u00e0 des citoyens en conflit avec la justice.&nbsp;\u00bb Une pr\u00e9caution qui permet de mieux garantir la pr\u00e9somption d\u2019innocence de toutes celles et ceux qui sont mis en cause, convoqu\u00e9s, plac\u00e9s en garde \u00e0 vue ou sous mandat de d\u00e9p\u00f4t estime le CORED qui rappelle l\u2019article 13 du Code de la pressequi dispose&nbsp;: \u00ab&nbsp;Le journaliste et le technicien des m\u00e9dias ne doivent pas publier des informations, des documents, des images et des sons dont l\u2019origine n\u2019est pas connue d\u2019eux.&nbsp;\u00bb<\/p>\n\n\n\n<p>SOURCE DAKARACTU<\/p>\n","protected":false},"excerpt":{"rendered":"<p>Dans un communiqu\u00e9 lu \u00e0 la r\u00e9daction ce mercredi, le Conseil pour l\u2019Observation des R\u00e8gles d\u2019Ethique et de D\u00e9ontologie dans<\/p>\n","protected":false},"author":1,"featured_media":22800,"comment_status":"open","ping_status":"open","sticky":false,"template":"","format":"standard","meta":{"footnotes":""},"categories":[26],"tags":[],"class_list":["post-55171","post","type-post","status-publish","format-standard","has-post-thumbnail","hentry","category-fait-divers"],"_links":{"self":[{"href":"https:\/\/dekkbi.com\/index.php?rest_route=\/wp\/v2\/posts\/55171","targetHints":{"allow":["GET"]}}],"collection":[{"href":"https:\/\/dekkbi.com\/index.php?rest_route=\/wp\/v2\/posts"}],"about":[{"href":"https:\/\/dekkbi.com\/index.php?rest_route=\/wp\/v2\/types\/post"}],"author":[{"embeddable":true,"href":"https:\/\/dekkbi.com\/index.php?rest_route=\/wp\/v2\/users\/1"}],"replies":[{"embeddable":true,"href":"https:\/\/dekkbi.com\/index.php?rest_route=%2Fwp%2Fv2%2Fcomments&post=55171"}],"version-history":[{"count":1,"href":"https:\/\/dekkbi.com\/index.php?rest_route=\/wp\/v2\/posts\/55171\/revisions"}],"predecessor-version":[{"id":55172,"href":"https:\/\/dekkbi.com\/index.php?rest_route=\/wp\/v2\/posts\/55171\/revisions\/55172"}],"wp:featuredmedia":[{"embeddable":true,"href":"https:\/\/dekkbi.com\/index.php?rest_route=\/wp\/v2\/media\/22800"}],"wp:attachment":[{"href":"https:\/\/dekkbi.com\/index.php?rest_route=%2Fwp%2Fv2%2Fmedia&parent=55171"}],"wp:term":[{"taxonomy":"category","embeddable":true,"href":"https:\/\/dekkbi.com\/index.php?rest_route=%2Fwp%2Fv2%2Fcategories&post=55171"},{"taxonomy":"post_tag","embeddable":true,"href":"https:\/\/dekkbi.com\/index.php?rest_route=%2Fwp%2Fv2%2Ftags&post=55171"}],"curies":[{"name":"wp","href":"https:\/\/api.w.org\/{rel}","templated":true}]}}