{"id":55160,"date":"2025-04-17T10:16:25","date_gmt":"2025-04-17T10:16:25","guid":{"rendered":"https:\/\/dekkbi.com\/?p=55160"},"modified":"2025-04-17T10:16:26","modified_gmt":"2025-04-17T10:16:26","slug":"assemblee-nationale-vers-le-lancement-dune-chaine-de-television-parlementaire","status":"publish","type":"post","link":"https:\/\/dekkbi.com\/?p=55160","title":{"rendered":"Assembl\u00e9e nationale : Vers le lancement d\u2019une cha\u00eene de t\u00e9l\u00e9vision parlementaire"},"content":{"rendered":"\n<p><strong>La mise en place d\u2019une cha\u00eene de t\u00e9l\u00e9vision parlementaire \u00e9tait au c\u0153ur d\u2019une rencontre organis\u00e9e mercredi \u00e0 l\u2019h\u00e9micycle, en pr\u00e9sence de repr\u00e9sentants de la Pr\u00e9sidence de la R\u00e9publique, de la Primature, des institutions de r\u00e9gulation, ainsi que d\u2019experts issus des secteurs des m\u00e9dias, de la t\u00e9l\u00e9vision et du droit de l\u2019audiovisuel.<\/strong><\/p>\n\n\n\n<p>Cette initiative vise, selon le pr\u00e9sident de l\u2019Assembl\u00e9e nationale, El Malick Ndiaye, \u00e0 recueillir les contributions et les avis de l\u2019ensemble des parties prenantes, dans une d\u00e9marche r\u00e9solument participative et inclusive. \u00ab Notre engagement est de rapprocher l\u2019Assembl\u00e9e nationale du peuple, de retisser les liens de confiance, et de faire en sorte que chaque S\u00e9n\u00e9galais se sente pleinement concern\u00e9 par l\u2019action parlementaire \u00bb, a-t-il d\u00e9clar\u00e9.<\/p>\n\n\n\n<p>Pour le pr\u00e9sident de l\u2019Assembl\u00e9e nationale, la future cha\u00eene parlementaire ne saurait \u00eatre r\u00e9duite \u00e0 un simple outil de communication. \u00ab C\u2019est un v\u00e9ritable enjeu d\u00e9mocratique. Elle sera la caisse de r\u00e9sonance des activit\u00e9s de l\u2019Assembl\u00e9e nationale. La cha\u00eene que nous envisageons doit \u00eatre un outil de v\u00e9rit\u00e9, d\u2019\u00e9ducation civique et de pluralisme. Elle garantira \u00e0 chaque citoyen un acc\u00e8s \u00e9quitable, rigoureux et libre \u00e0 l\u2019information parlementaire \u00bb, a-t-il affirm\u00e9, en insistant sur sa vocation \u00e0 rendre visibles, dans leur diversit\u00e9, les travaux parlementaires.<\/p>\n\n\n\n<p>Au-del\u00e0 de sa port\u00e9e nationale, la future cha\u00eene se veut \u00e9galement panafricaine. Elle s\u2019ouvrira aux d\u00e9bats interparlementaires, aux dynamiques d\u2019int\u00e9gration r\u00e9gionale, ainsi qu\u2019aux grandes causes du continent. Elle portera ainsi la voix de la diplomatie parlementaire africaine. Un projet qui, selon El Malick Ndiaye, devra s\u2019inscrire pleinement dans le cadre juridique et l\u00e9gislatif en vigueur. \u00ab La cr\u00e9ation d\u2019une cha\u00eene parlementaire ne s\u2019improvise pas. Elle requiert un cadre r\u00e9glementaire clair, une gouvernance solide, des garanties d\u2019ind\u00e9pendance \u00e9ditoriale et une parfaite articulation avec l\u2019\u00e9cosyst\u00e8me m\u00e9diatique existant, dans le strict respect des lois de la R\u00e9publique \u00bb, a-t-il soulign\u00e9.<\/p>\n\n\n\n<p><strong>Mariama DIEME<\/strong><\/p>\n\n\n\n<p>LEOLEIL<\/p>\n","protected":false},"excerpt":{"rendered":"<p>La mise en place d\u2019une cha\u00eene de t\u00e9l\u00e9vision parlementaire \u00e9tait au c\u0153ur d\u2019une rencontre organis\u00e9e mercredi \u00e0 l\u2019h\u00e9micycle, en pr\u00e9sence<\/p>\n","protected":false},"author":1,"featured_media":55155,"comment_status":"open","ping_status":"open","sticky":false,"template":"","format":"standard","meta":{"footnotes":""},"categories":[21],"tags":[],"class_list":["post-55160","post","type-post","status-publish","format-standard","has-post-thumbnail","hentry","category-societe"],"_links":{"self":[{"href":"https:\/\/dekkbi.com\/index.php?rest_route=\/wp\/v2\/posts\/55160","targetHints":{"allow":["GET"]}}],"collection":[{"href":"https:\/\/dekkbi.com\/index.php?rest_route=\/wp\/v2\/posts"}],"about":[{"href":"https:\/\/dekkbi.com\/index.php?rest_route=\/wp\/v2\/types\/post"}],"author":[{"embeddable":true,"href":"https:\/\/dekkbi.com\/index.php?rest_route=\/wp\/v2\/users\/1"}],"replies":[{"embeddable":true,"href":"https:\/\/dekkbi.com\/index.php?rest_route=%2Fwp%2Fv2%2Fcomments&post=55160"}],"version-history":[{"count":1,"href":"https:\/\/dekkbi.com\/index.php?rest_route=\/wp\/v2\/posts\/55160\/revisions"}],"predecessor-version":[{"id":55161,"href":"https:\/\/dekkbi.com\/index.php?rest_route=\/wp\/v2\/posts\/55160\/revisions\/55161"}],"wp:featuredmedia":[{"embeddable":true,"href":"https:\/\/dekkbi.com\/index.php?rest_route=\/wp\/v2\/media\/55155"}],"wp:attachment":[{"href":"https:\/\/dekkbi.com\/index.php?rest_route=%2Fwp%2Fv2%2Fmedia&parent=55160"}],"wp:term":[{"taxonomy":"category","embeddable":true,"href":"https:\/\/dekkbi.com\/index.php?rest_route=%2Fwp%2Fv2%2Fcategories&post=55160"},{"taxonomy":"post_tag","embeddable":true,"href":"https:\/\/dekkbi.com\/index.php?rest_route=%2Fwp%2Fv2%2Ftags&post=55160"}],"curies":[{"name":"wp","href":"https:\/\/api.w.org\/{rel}","templated":true}]}}