{"id":55157,"date":"2025-04-17T10:14:45","date_gmt":"2025-04-17T10:14:45","guid":{"rendered":"https:\/\/dekkbi.com\/?p=55157"},"modified":"2025-04-17T10:14:46","modified_gmt":"2025-04-17T10:14:46","slug":"preparation-dun-pacte-social-les-syndicats-ne-pactisent-pas-avec-letat","status":"publish","type":"post","link":"https:\/\/dekkbi.com\/?p=55157","title":{"rendered":"Pr\u00e9paration d\u2019un pacte social : Les syndicats ne pactisent pas avec l\u2019\u00c9tat"},"content":{"rendered":"\n<p>Le Front syndical pour la d\u00e9fense du travail (Fsdt), pas satisfait des discussions engag\u00e9es avec le gouvernement, a pr\u00e9venu, mercredi, qu\u2019il ne signerait pas le Pacte de stabilit\u00e9 sociale propos\u00e9 par les autorit\u00e9s si ses revendications ne sont pas satisfaites. \u00abA cette \u00e9tape de nos discussions, le Front estime que les r\u00e9sultats [\u2026] sont loin de ses attentes, eu \u00e9gard aux probl\u00e9matiques pos\u00e9es par les travailleurs et leurs organisations syndicales dans la perspective d\u2019une dynamique partenariale, porteuse de progr\u00e8s et de justice sociale\u00bb, a d\u00e9clar\u00e9 Mody Guiro, pr\u00e9sident dudit front.<\/p>\n\n\n\n<p>Les engagements du gouvernement \u00absont impr\u00e9cis, peu consistants, pour r\u00e9pondre aux attentes du monde du travail\u00bb, a-t-il indiqu\u00e9 au cours d\u2019une conf\u00e9rence de presse portant sur les r\u00e9sultats des n\u00e9gociations et de l\u2019atelier d\u2019\u00e9laboration du Pacte de stabilit\u00e9 sociale tenu du 7 au 10 avril.<\/p>\n\n\n\n<p>Il s\u2019agit de n\u00e9gociations tripartites gouvernement-syndicats-patronat devant permettre l\u2019\u00e9laboration d\u2019un document consensuel en vue de la signature d\u2019un Pacte de stabilit\u00e9 sociale.<\/p>\n\n\n\n<p>Selon Mody Guiro, les engagements du gouvernement \u00abressemblent \u00e0 une tentative de faire porter aux travailleurs un carcan, sans offrir les gages quant \u00e0 la r\u00e9solution des probl\u00e8mes actuels des travailleurs\u00bb.<\/p>\n\n\n\n<p>Le Front syndical pour la d\u00e9fense du travail, par la voix de son pr\u00e9sident, dit s\u2019interroger \u00absur l\u2019empressement \u00e0 vouloir conclure un pacte sans a priori r\u00e9soudre les revendications prioritaires inscrites dans la plateforme minimale\u00bb. \u00abCette m\u00e9thode acc\u00e9l\u00e9r\u00e9e, qui n\u2019assure pas encore un esprit partenarial que notre Front souhaite entretenir avec le gouvernement, nous oblige \u00e0 la r\u00e9serve et \u00e0 la prudence, car les d\u00e9fis des syndicats sont si importants qu\u2019il faille avancer dans la transparence et la recherche du consensus dans les approches. Ce qui n\u2019a pas \u00e9t\u00e9 le cas depuis le d\u00e9but\u00bb, a ajout\u00e9 le syndicaliste.<\/p>\n\n\n\n<p>Il est revenu, face aux journalistes, sur les points dont la n\u00e9gociation devrait d\u00e9boucher sur des accords pouvant constituer le soubassement d\u2019un Pacte de stabilit\u00e9 sociale.<\/p>\n\n\n\n<p>Il a cit\u00e9 l\u2019am\u00e9lioration du pouvoir d\u2019achat des travailleurs et des m\u00e9nages, la conclusion d\u2019accords sectoriels avec les syndicats d\u2019enseignants, de la sant\u00e9, de la Justice, des universit\u00e9s, des collectivit\u00e9s territoriales, de l\u2019h\u00f4tellerie et du secteur primaire.<\/p>\n\n\n\n<p>La g\u00e9n\u00e9ralisation de l\u2019\u00e2ge de la retraite \u00e0 65 ans, la r\u00e9int\u00e9gration des travailleurs licenci\u00e9s dans les secteurs publics et parapublics, la requalification en Cdi des contrats de travail plusieurs fois renouvel\u00e9s font \u00e9galement partie des points en n\u00e9gociation. \u00abEn l\u2019absence de satisfaction sur ces questions, les centrales syndicales ne pourront s\u2019engager dans la signature d\u2019un quelconque pacte\u00bb, a pr\u00e9venu Mody Guiro. Il a point\u00e9 les \u00ablouvoiements du gouvernement qui cherche \u00e0 [\u2026] mettre devant le fait accompli\u00bb les syndicalistes.<\/p>\n\n\n\n<p>Le Front syndical pour la d\u00e9fense du travail \u00abrefuse d\u2019avancer dans cette aventure p\u00e9rilleuse, sans un d\u00e9bat de clarification s\u00e9rieux, et se r\u00e9serve le droit d\u2019entreprendre toute action \u00e0 m\u00eame d\u2019assurer la d\u00e9fense des int\u00e9r\u00eats des travailleurs et des populations en g\u00e9n\u00e9ral\u00bb, a pr\u00e9venu Mody Guiro. Il annonce que le Front syndical pour la d\u00e9fense du travail n\u2019exclut pas de d\u00e9poser un pr\u00e9avis de gr\u00e8ve au sortir de l\u2019audience du 1er mai, \u00e0 l\u2019occasion de la F\u00eate du travail, si les revendications des travailleurs ne trouvent pas satisfaction aupr\u00e8s du pr\u00e9sident de la R\u00e9publique.<\/p>\n\n\n\n<p>SOURCE LEQUOTIDIEN<\/p>\n","protected":false},"excerpt":{"rendered":"<p>Le Front syndical pour la d\u00e9fense du travail (Fsdt), pas satisfait des discussions engag\u00e9es avec le gouvernement, a pr\u00e9venu, mercredi,<\/p>\n","protected":false},"author":1,"featured_media":55158,"comment_status":"open","ping_status":"open","sticky":false,"template":"","format":"standard","meta":{"footnotes":""},"categories":[21],"tags":[],"class_list":["post-55157","post","type-post","status-publish","format-standard","has-post-thumbnail","hentry","category-societe"],"_links":{"self":[{"href":"https:\/\/dekkbi.com\/index.php?rest_route=\/wp\/v2\/posts\/55157","targetHints":{"allow":["GET"]}}],"collection":[{"href":"https:\/\/dekkbi.com\/index.php?rest_route=\/wp\/v2\/posts"}],"about":[{"href":"https:\/\/dekkbi.com\/index.php?rest_route=\/wp\/v2\/types\/post"}],"author":[{"embeddable":true,"href":"https:\/\/dekkbi.com\/index.php?rest_route=\/wp\/v2\/users\/1"}],"replies":[{"embeddable":true,"href":"https:\/\/dekkbi.com\/index.php?rest_route=%2Fwp%2Fv2%2Fcomments&post=55157"}],"version-history":[{"count":1,"href":"https:\/\/dekkbi.com\/index.php?rest_route=\/wp\/v2\/posts\/55157\/revisions"}],"predecessor-version":[{"id":55159,"href":"https:\/\/dekkbi.com\/index.php?rest_route=\/wp\/v2\/posts\/55157\/revisions\/55159"}],"wp:featuredmedia":[{"embeddable":true,"href":"https:\/\/dekkbi.com\/index.php?rest_route=\/wp\/v2\/media\/55158"}],"wp:attachment":[{"href":"https:\/\/dekkbi.com\/index.php?rest_route=%2Fwp%2Fv2%2Fmedia&parent=55157"}],"wp:term":[{"taxonomy":"category","embeddable":true,"href":"https:\/\/dekkbi.com\/index.php?rest_route=%2Fwp%2Fv2%2Fcategories&post=55157"},{"taxonomy":"post_tag","embeddable":true,"href":"https:\/\/dekkbi.com\/index.php?rest_route=%2Fwp%2Fv2%2Ftags&post=55157"}],"curies":[{"name":"wp","href":"https:\/\/api.w.org\/{rel}","templated":true}]}}