{"id":55147,"date":"2025-04-17T09:56:11","date_gmt":"2025-04-17T09:56:11","guid":{"rendered":"https:\/\/dekkbi.com\/?p=55147"},"modified":"2025-04-17T10:03:58","modified_gmt":"2025-04-17T10:03:58","slug":"mansour-faye-rattrape-par-la-justice-interdiction-de-sortie-et-convocation-a-la-dic","status":"publish","type":"post","link":"https:\/\/dekkbi.com\/?p=55147","title":{"rendered":"Mansour Faye rattrap\u00e9 par la justice : interdiction de sortie et convocation \u00e0 la DIC"},"content":{"rendered":"\n<p><a href=\"https:\/\/lesoleil.sn\/wp-content\/uploads\/2025\/03\/WhatsApp-Image-2025-03-14-at-16.16.23.jpeg\"><\/a><strong>D\u2019apr\u00e8s des informations obtenues par Lib\u00e9ration, Mansour Faye est convoqu\u00e9 ce jeudi \u00e0 la Division des investigations criminelles (DIC) pour se voir notifier une interdiction officielle de quitter le territoire national.<\/strong><\/p>\n\n\n\n<p>Cette mesure intervient apr\u00e8s une requ\u00eate formelle du procureur g\u00e9n\u00e9ral pr\u00e8s la Cour supr\u00eame, Mback\u00e9 Fall, adress\u00e9e au ministre de l\u2019Int\u00e9rieur. Dans cette correspondance, le magistrat qualifie l\u2019ancien ministre du D\u00e9veloppement communautaire de \u00ab justiciable de la Haute Cour de Justice \u00bb, et sollicite qu\u2019il soit soumis \u00e0 une interdiction de sortie du territoire pour pr\u00e9server la s\u00e9r\u00e9nit\u00e9 de l\u2019enqu\u00eate en cours. Il \u00e9voque des \u00ab&nbsp;risques d\u2019entraves au fonctionnement de la justice dans le cadre de l\u2019enqu\u00eate sur les fonds Covid-19&nbsp;\u00bb<\/p>\n\n\n\n<p>Suite \u00e0 cette demande, le ministre de l\u2019Int\u00e9rieur a sign\u00e9 un arr\u00eat\u00e9 interdisant \u00e0 Mansour Faye de quitter le pays. Cette notification sera officiellement transmise dans les heures \u00e0 venir. Elle marque une \u00e9tape importante dans la mise en branle du processus devant la Haute Cour de Justice, dont la comp\u00e9tence est exclusivement r\u00e9serv\u00e9e aux poursuites contre les membres du gouvernement pour des actes commis dans l\u2019exercice de leurs fonctions.<\/p>\n\n\n\n<p>Ce n\u2019est pas la premi\u00e8re fois que Mansour Faye se voit emp\u00each\u00e9 de quitter le territoire s\u00e9n\u00e9galais. \u00c0 deux reprises d\u00e9j\u00e0, il a \u00e9t\u00e9 retenu \u00e0 l\u2019a\u00e9roport, sans qu\u2019aucune justification ne lui soit pr\u00e9sent\u00e9e. Le dernier incident en date a eu lieu jeudi dernier, alors qu\u2019il s\u2019appr\u00eatait \u00e0 embarquer sur le vol HF 0701. Il assure pourtant disposer d\u2019une d\u00e9cision favorable de la Cour supr\u00eame l\u2019autorisant \u00e0 voyager.<\/p>\n\n\n\n<p>L\u2019Assembl\u00e9e nationale devrait prochainement jouer un r\u00f4le d\u00e9terminant dans cette affaire. Elle envisage de transmettre \u00e0 la Haute Cour de Justice une demande de mise en accusation contre plusieurs anciens ministres mis en cause dans le scandale des fonds Covid-19, parmi lesquels Mansour Faye figure en t\u00eate de liste.<\/p>\n\n\n\n<p>SOURCE LESOLEIL<\/p>\n","protected":false},"excerpt":{"rendered":"<p>D\u2019apr\u00e8s des informations obtenues par Lib\u00e9ration, Mansour Faye est convoqu\u00e9 ce jeudi \u00e0 la Division des investigations criminelles (DIC) pour<\/p>\n","protected":false},"author":1,"featured_media":54789,"comment_status":"open","ping_status":"open","sticky":false,"template":"","format":"standard","meta":{"footnotes":""},"categories":[6],"tags":[],"class_list":["post-55147","post","type-post","status-publish","format-standard","has-post-thumbnail","hentry","category-politics"],"_links":{"self":[{"href":"https:\/\/dekkbi.com\/index.php?rest_route=\/wp\/v2\/posts\/55147","targetHints":{"allow":["GET"]}}],"collection":[{"href":"https:\/\/dekkbi.com\/index.php?rest_route=\/wp\/v2\/posts"}],"about":[{"href":"https:\/\/dekkbi.com\/index.php?rest_route=\/wp\/v2\/types\/post"}],"author":[{"embeddable":true,"href":"https:\/\/dekkbi.com\/index.php?rest_route=\/wp\/v2\/users\/1"}],"replies":[{"embeddable":true,"href":"https:\/\/dekkbi.com\/index.php?rest_route=%2Fwp%2Fv2%2Fcomments&post=55147"}],"version-history":[{"count":1,"href":"https:\/\/dekkbi.com\/index.php?rest_route=\/wp\/v2\/posts\/55147\/revisions"}],"predecessor-version":[{"id":55148,"href":"https:\/\/dekkbi.com\/index.php?rest_route=\/wp\/v2\/posts\/55147\/revisions\/55148"}],"wp:featuredmedia":[{"embeddable":true,"href":"https:\/\/dekkbi.com\/index.php?rest_route=\/wp\/v2\/media\/54789"}],"wp:attachment":[{"href":"https:\/\/dekkbi.com\/index.php?rest_route=%2Fwp%2Fv2%2Fmedia&parent=55147"}],"wp:term":[{"taxonomy":"category","embeddable":true,"href":"https:\/\/dekkbi.com\/index.php?rest_route=%2Fwp%2Fv2%2Fcategories&post=55147"},{"taxonomy":"post_tag","embeddable":true,"href":"https:\/\/dekkbi.com\/index.php?rest_route=%2Fwp%2Fv2%2Ftags&post=55147"}],"curies":[{"name":"wp","href":"https:\/\/api.w.org\/{rel}","templated":true}]}}