{"id":55132,"date":"2025-04-17T09:45:22","date_gmt":"2025-04-17T09:45:22","guid":{"rendered":"https:\/\/dekkbi.com\/?p=55132"},"modified":"2025-04-17T09:45:23","modified_gmt":"2025-04-17T09:45:23","slug":"tournee-africaine-yassine-fall-recue-en-ouganda-et-en-tanzanie","status":"publish","type":"post","link":"https:\/\/dekkbi.com\/?p=55132","title":{"rendered":"Tourn\u00e9e africaine\u00a0: Yassine Fall re\u00e7ue en Ouganda et en Tanzanie"},"content":{"rendered":"\n<p>Dakar,  (APS) \u2013 La ministre de l\u2019Int\u00e9gration africaine et des Affaires \u00e9trang\u00e8res, Yassine Fall, a poursuivi mercredi sa tourn\u00e9e africaine, se rendant en Ouganda et en Tanzanie o\u00f9 elle a rencontr\u00e9 des autorit\u00e9s de ces deux pays d\u2019Afrique de l\u2019est, indique le minist\u00e8re sur sa page Facebook.<\/p>\n\n\n\n<p>\u2018\u2019Dans le cadre de sa mission officielle en R\u00e9publique d\u2019Ouganda, Son Excellence Madame Yassine Fall, Ministre de l\u2019Int\u00e9gration Africaine et des Affaires \u00e9trang\u00e8res, a eu des \u00e9changes fructueux avec Hon. Matia Kasaija, Ministre des Finances, de la Planification et du D\u00e9veloppement \u00e9conomique\u2019\u2019, pr\u00e9cise la m\u00eame source.<\/p>\n\n\n\n<p>Le texte, publi\u00e9 tard dans la soir\u00e9e, ajoute que Yassine Fall a aussi rencontr\u00e9 \u00e0 Kampala Lillian Aber, ministre d\u2019\u00c9tat charg\u00e9e des Secours, de la Pr\u00e9paration aux catastrophes et des r\u00e9fugi\u00e9s au sein du bureau du Premier ministre.<\/p>\n\n\n\n<p>En visite officielle en Tanzanie, elle a rencontr\u00e9 Philip Isdor Mpango, Vice-Pr\u00e9sident de la R\u00e9publique unie de Tanzanie, ainsi que Dr Mwigulu Nchemba, ministre des Finances, signale le minist\u00e8re sur sa page Facebook.<\/p>\n\n\n\n<p>Mardi, la ministre de l\u2019Int\u00e9gration africaine et des Affaires \u00e9trang\u00e8res a \u00e9t\u00e9 re\u00e7ue en audience par le pr\u00e9sident rwandais Paul Kagam\u00e9 \u00e0 qui elle a remis un message du pr\u00e9sident s\u00e9n\u00e9galais, Bassirou Diomaye Faye.<\/p>\n\n\n\n<p>ADC<\/p>\n","protected":false},"excerpt":{"rendered":"<p>Dakar, (APS) \u2013 La ministre de l\u2019Int\u00e9gration africaine et des Affaires \u00e9trang\u00e8res, Yassine Fall, a poursuivi mercredi sa tourn\u00e9e africaine,<\/p>\n","protected":false},"author":1,"featured_media":55133,"comment_status":"open","ping_status":"open","sticky":false,"template":"","format":"standard","meta":{"footnotes":""},"categories":[6],"tags":[],"class_list":["post-55132","post","type-post","status-publish","format-standard","has-post-thumbnail","hentry","category-politics"],"_links":{"self":[{"href":"https:\/\/dekkbi.com\/index.php?rest_route=\/wp\/v2\/posts\/55132","targetHints":{"allow":["GET"]}}],"collection":[{"href":"https:\/\/dekkbi.com\/index.php?rest_route=\/wp\/v2\/posts"}],"about":[{"href":"https:\/\/dekkbi.com\/index.php?rest_route=\/wp\/v2\/types\/post"}],"author":[{"embeddable":true,"href":"https:\/\/dekkbi.com\/index.php?rest_route=\/wp\/v2\/users\/1"}],"replies":[{"embeddable":true,"href":"https:\/\/dekkbi.com\/index.php?rest_route=%2Fwp%2Fv2%2Fcomments&post=55132"}],"version-history":[{"count":1,"href":"https:\/\/dekkbi.com\/index.php?rest_route=\/wp\/v2\/posts\/55132\/revisions"}],"predecessor-version":[{"id":55134,"href":"https:\/\/dekkbi.com\/index.php?rest_route=\/wp\/v2\/posts\/55132\/revisions\/55134"}],"wp:featuredmedia":[{"embeddable":true,"href":"https:\/\/dekkbi.com\/index.php?rest_route=\/wp\/v2\/media\/55133"}],"wp:attachment":[{"href":"https:\/\/dekkbi.com\/index.php?rest_route=%2Fwp%2Fv2%2Fmedia&parent=55132"}],"wp:term":[{"taxonomy":"category","embeddable":true,"href":"https:\/\/dekkbi.com\/index.php?rest_route=%2Fwp%2Fv2%2Fcategories&post=55132"},{"taxonomy":"post_tag","embeddable":true,"href":"https:\/\/dekkbi.com\/index.php?rest_route=%2Fwp%2Fv2%2Ftags&post=55132"}],"curies":[{"name":"wp","href":"https:\/\/api.w.org\/{rel}","templated":true}]}}