{"id":55099,"date":"2025-04-16T11:02:35","date_gmt":"2025-04-16T11:02:35","guid":{"rendered":"https:\/\/dekkbi.com\/?p=55099"},"modified":"2025-04-16T11:03:15","modified_gmt":"2025-04-16T11:03:15","slug":"feminicides-au-cameroun-le-verdict-de-la-juge-donne-aux-hommes-le-pouvoir-de-tuer-leurs-epouses","status":"publish","type":"post","link":"https:\/\/dekkbi.com\/?p=55099","title":{"rendered":"F\u00e9minicides au Cameroun"},"content":{"rendered":"\n<p>\u00ab Le verdict de la juge donne aux hommes le pouvoir de tuer leurs \u00e9pouses \u00bb. Depuis le 1<sup>er<\/sup>avril dernier, le verdict dans l\u2019affaire Diane Yangwo, jeune femme de 30 ans, m\u00e8re de trois enfants, morte en novembre 2023, \u00e0 Douala, au Cameroun, sous les coups de son mari, Eric Bekobe, suscite une vague d\u2019indignation. Inculp\u00e9 pour \u00ab\u00a0coups mortels\u00a0\u00bb et non pas pour meurtre, alors m\u00eame qu\u2019il reconna\u00eet \u00eatre l\u2019auteur des coups, Eric Bekobe n\u2019a \u00e9cop\u00e9 que de 5 ans de prison avec sursis. Co-fondatrice de l\u2019Association de lutte contre les violences faites aux femmes (ALVF), Ngobo Ekotto r\u00e9pond \u00e0 nos questions.\u00a0<strong>Entretien.<\/strong><\/p>\n\n\n\n<p><strong>TV5MONDE&nbsp;:<\/strong>&nbsp;Le 1<sup>er<\/sup>&nbsp;avril dernier, le Tribunal de grande instance de Bonanjo, \u00e0 Douala, au Cameroun, a rendu un verdict qui a suscit\u00e9 l\u2019indignation d\u2019une partie de la population. Reconnu coupable de coups mortels ayant entra\u00een\u00e9 la mort de son \u00e9pouse Diane Yangwo, en novembre 2023, Eric Bekobe n\u2019a \u00e9t\u00e9 condamn\u00e9 qu\u2019\u00e0 cinq ans de prison avec sursis et 52&nbsp;000 CFA d\u2019amende (environ 80 euros). Comment expliquez-vous la cl\u00e9mence de ce jugement, d\u2019autant que la juge \u00e9tait une femme&nbsp;?<\/p>\n\n\n\n<p><strong>Ngobo Ekotto&nbsp;:<\/strong>&nbsp;Un jugement a en effet \u00e9t\u00e9 rendu sur le cas de Mr Bekobe, bourreau de sa femme, \u00e0 qui il a \u00f4t\u00e9 la vie il y a un peu moins de deux ans. Nous ne savons pas jusqu&rsquo;\u00e0 pr\u00e9sent quel article du code p\u00e9nal elle a vis\u00e9 pour donner une sanction de 5 ans avec sursis et 52&nbsp;000 CFA d&rsquo;amende. Cette derni\u00e8re \u00e9tant ici un montant que Mr Bekobe devra payer au Tribunal de grande instance de Bonanjo, \u00e0 Douala.<\/p>\n\n\n\n<p>En tant que membre fondatrice de l&rsquo;Association de lutte contre les violences faites aux femmes (ALVF), nous sommes catastroph\u00e9es, indign\u00e9es par une d\u00e9cision aussi inique, non pas parce que c&rsquo;est le fait d&rsquo;une femme juge, mais uniquement parce que c&rsquo;est le fait d&rsquo;un juge. Parce qu&rsquo;au Cameroun, jusqu&rsquo;\u00e0 preuve du contraire, les jugements sont rendus au nom du peuple camerounais.<\/p>\n\n\n\n<p>\u00c7a veut dire que ces jugements sont fond\u00e9s d&rsquo;abord sur la Constitution et ensuite sur les textes r\u00e9glementaires existants. L&rsquo;intime conviction d&rsquo;un juge n&rsquo;intervient qu\u2019apr\u00e8s le respect des textes r\u00e9glementaires. Nous sommes v\u00e9ritablement interloqu\u00e9es. On ne comprend pas. D&rsquo;autant que jusqu&rsquo;aujourd&rsquo;hui, nous n&rsquo;avons pas connaissance de la d\u00e9cision \u00e9crite.<\/p>\n\n\n\n<p>Cette d\u00e9cision est au secret quelque part. Nous avons aussi entendu que le procureur de la R\u00e9publique a interjet\u00e9 appel. La famille a fait de m\u00eame. Nous pouvons nous r\u00e9jouir du fait que le procureur interjette l&rsquo;appel pour une d\u00e9cision aussi inique, incompr\u00e9hensible. Mais nous ne devons pas nous en remettre \u00e0 des d\u00e9cisions d&rsquo;individus.<\/p>\n\n\n\n<p>C&rsquo;est le droit qui doit \u00eatre dit, et rien que le droit, pour les femmes et pour tout le monde. Parce qu&rsquo;aujourd&rsquo;hui, on consid\u00e8re ces d\u00e9cisions comme un fait divers. Or, il y a l\u2019article 221 du Code p\u00e9nal camerounais, qui punit d&rsquo;un emprisonnement de 30 ans celui qui \u00f4te la vie volontairement \u00e0 un individu. Tout le monde peut d\u2019ailleurs le v\u00e9rifier. Nous ne comprenons donc pas ce qui se passe avec cette affaire.<\/p>\n\n\n\n<p><strong>TV5MONDE&nbsp;:<\/strong>&nbsp;Selon le m\u00e9dia camerounais en ligne Griote TV, au moins 54 femmes ont \u00e9t\u00e9 victimes de f\u00e9minicides dans le pays entre janvier et avril 2025. Pouvez-vous nous rappeler les faits concernant l\u2019affaire Diane Yangwo, et nous dire en quoi le verdict du TGI de Bonanjo est le sympt\u00f4me de l\u2019aggravation des f\u00e9minicides au Cameroun&nbsp;?<\/p>\n\n\n\n<p><strong>Ngobo Ekotto&nbsp;:<\/strong>&nbsp;Les circonstances de la mort de Diane Yangwo comportent tellement de versions que je ne saurai vous dire que la version que je vais vous donner est la bonne. Parce que, que ce soit au niveau du minist\u00e8re, au niveau du Tribunal de grande instance, de l&rsquo;avocate, des journalistes, de toute l&rsquo;opinion, les versions sont tr\u00e8s nombreuses.&nbsp;<\/p>\n\n\n\n<figure class=\"wp-block-image\"><img decoding=\"async\" src=\"https:\/\/information.tv5monde.com\/sites\/tv5-info\/files\/styles\/entete\/public\/2025-04\/IMG-20250407-WA0044.jpg?itok=navWdqUe\" alt=\"Journ\u00e9e de protestation\" title=\"Journ\u00e9e de protestation\"\/><\/figure>\n\n\n\n<p>Membres de la coordination de la coalition des associations contre les violences faites aux femmes, lors de la journ\u00e9e de protestation du 4 avril 2025, \u00e0 Yaound\u00e9, au Cameroun.<\/p>\n\n\n\n<p>\u00a9 D.R.<\/p>\n\n\n\n<p>Mais celle que je vais retenir est celle-ci. Madame Yangwo \u00e9tait une enseignante, professeure d&rsquo;anglais dans un coll\u00e8ge. Apparemment, dans son voisinage, il se dit qu&rsquo;elle \u00e9tait r\u00e9guli\u00e8rement battue par son mari. Au cours de cette journ\u00e9e funeste de novembre 2023, Diane Yangwo et son mari \u00e9taient ensemble devant un h\u00f4pital, on ne sait pas exactement lequel du reste. Il a commenc\u00e9 \u00e0 la bastonner, puis ils ont pris un taxi pour rentrer chez eux. Il semble que les coups ont continu\u00e9 \u00e0 pleuvoir \u00e0 la maison. Et il s&rsquo;en est suivi sa mort.&nbsp;<\/p>\n\n\n\n<p>Mais pour moi, ce d\u00e9c\u00e8s n\u2019est absolument pas le sympt\u00f4me de l&rsquo;aggravation des f\u00e9minicides. Il t\u00e9moigne plut\u00f4t de l\u2019invisibilisation des souffrances et des violences faites aux femmes au Cameroun. Parce que lorsque vous condamnez l\u2019acte d&rsquo;un bourreau, d&rsquo;un mari, qui de surcro\u00eet a reconnu sa culpabilit\u00e9, \u00e0 cinq ans d\u2019emprisonnement avec sursis, c&rsquo;est la preuve du d\u00e9ni total de la pr\u00e9sence des violences faites aux femmes, des violences conjugales dans notre pays.&nbsp;<\/p>\n\n\n\n<p>C&rsquo;est une violence qui est silencieuse. Mais comme une guillotine, elle abat les femmes. Cependant, on ne doit pas parler, on ne doit pas briser le silence. Et dans l\u2019affaire Diane Yangwo, le verdict de la juge donne d\u2019une certaine mani\u00e8re aux hommes le pouvoir de tuer leurs \u00e9pouses. Pour moi, c&rsquo;est plut\u00f4t un permis de tuer que cette sentence d\u00e9livre.&nbsp;<\/p>\n\n\n\n<p><strong>TV5MONDE&nbsp;:&nbsp;<\/strong>Une p\u00e9tition qui a d\u00e9j\u00e0 recueilli pr\u00e8s de 24&nbsp;000 signatures a \u00e9t\u00e9 lanc\u00e9e sur l\u2019affaire Diane Yangwo. Et le 4 avril dernier, une journ\u00e9e de protestation en sa m\u00e9moire a \u00e9t\u00e9 organis\u00e9e \u00e0 Yaound\u00e9. Quel en \u00e9tait le but, et quelles sont les futures \u00e9ch\u00e9ances dans cette affaire&nbsp;?<\/p>\n\n\n\n<p><strong>Ngobo Ekotto&nbsp;:<\/strong>&nbsp; Alors, je dirais d\u00e9j\u00e0 que nous nous satisfaisons du formidable \u00e9lan de solidarit\u00e9 n\u00e9 \u00e0 la suite de cette affaire, des protestations et de l\u2019indignation suscit\u00e9es contre la sentence de cette juge. Et pour ce qui concerne les initiatives, elles sont multiples. La p\u00e9tition lanc\u00e9e en ligne contre les f\u00e9minicides, c&rsquo;est une bonne chose. Les femmes s&rsquo;expriment selon leurs sentiments et ressentis.&nbsp;<\/p>\n\n\n\n<figure class=\"wp-block-image\"><img decoding=\"async\" src=\"https:\/\/information.tv5monde.com\/sites\/tv5-info\/files\/styles\/entete\/public\/2025-04\/IMG-20250407-WA0039.jpg?itok=BqnEFg_F\" alt=\"Journ\u00e9e de protestation\" title=\"Journ\u00e9e de protestation\"\/><\/figure>\n\n\n\n<p>Membres de la coordination de la coalition des associations contre les violences faites aux femmes, lors de la journ\u00e9e de protestation du 04 avril 2025, \u00e0 Yaound\u00e9, au Cameroun.<\/p>\n\n\n\n<p>\u00a9 D.R.<\/p>\n\n\n\n<p>J\u2019ai moi-m\u00eame particip\u00e9 \u00e0 la journ\u00e9e de protestation qui s&rsquo;est tenue \u00e0 Yaound\u00e9, la capitale camerounaise, sous la coordination de la coalition des associations contre les violences faites aux femmes. Et toutes ces initiatives port\u00e9es aujourd&rsquo;hui par les femmes camerounaises ont notamment pour objectifs d\u2019interpeller les politiques sur la situation des femmes, sur le refus des femmes de continuer \u00e0 mourir sous les coups de leurs maris sans que l&rsquo;\u00c9tat ne les prot\u00e8ge.&nbsp;<\/p>\n\n\n\n<p>Nous voulons \u00eatre prot\u00e9g\u00e9es par une loi sur les violences faites aux femmes. Cela fait aujourd&rsquo;hui 39 ans que nous avons connu, pour la premi\u00e8re fois, un minist\u00e8re de la Condition de la femme. Les d\u00e9nominations ont chang\u00e9, mais le but est le m\u00eame&nbsp;: prot\u00e9ger, prot\u00e9ger, prot\u00e9ger. Prot\u00e9ger les droits des femmes. En 1997, notre chef d&rsquo;\u00c9tat, le pr\u00e9sident de la R\u00e9publique Paul Biya, s&rsquo;\u00e9tait engag\u00e9 \u00e0 promouvoir un projet de loi sur les violences faites aux femmes. Nous sommes en 2025, toujours aucune loi.&nbsp;<\/p>\n\n\n\n<p><strong>TV5MONDE&nbsp;:&nbsp;<\/strong>Justement<strong>,&nbsp;<\/strong>en 2023 d\u00e9j\u00e0, les autorit\u00e9s camerounaises et les associations comme la v\u00f4tre, tiraient la sonnette d\u2019alarme sur l\u2019augmentation tr\u00e8s significative des f\u00e9minicides. Le 15 mai 2023, la ministre de la Promotion de la Femme, Marie-Th\u00e9r\u00e8se Abena Ondoa, avait lanc\u00e9 un plaidoyer pour l&rsquo;adoption d&rsquo;une loi-cadre sp\u00e9cifique. O\u00f9 en est cette initiative, et pourquoi les violences faites aux femmes s\u2019accroissent-elles autant&nbsp;?<\/p>\n\n\n\n<p><strong>Ngobo Ekotto&nbsp;:<\/strong>&nbsp;&nbsp;Depuis 1995, peu apr\u00e8s la Conf\u00e9rence mondiale sur les femmes qui s\u2019est tenue cette ann\u00e9e-l\u00e0 \u00e0 Beijing, en Chine, un projet de loi a \u00e9t\u00e9 initi\u00e9 en ce sens au Cameroun. Ce projet est stopp\u00e9 au niveau du minist\u00e8re de la Justice. Jusqu\u2019\u00e0 ce jour, le minist\u00e8re camerounais de la Justice pr\u00e9tend qu&rsquo;il n&rsquo;est pas n\u00e9cessaire d&rsquo;avoir une loi sp\u00e9cifique sur les violences faites aux femmes. Selon lui, le code p\u00e9nal camerounais l\u00e9gif\u00e8re sur toutes les infractions dont nous sommes victimes.&nbsp;<\/p>\n\n\n\n<p>En revanche, je ne pense pas que les violences faites aux femmes s&rsquo;accroissent au Cameroun. C&rsquo;est la parole des femmes qui est plus audible aujourd&rsquo;hui. Elles ont r\u00e9ussi \u00e0 briser le silence. J\u2019ajoute que pour nous autres Africaines, la Conf\u00e9rence de Beijing a \u00e9t\u00e9 un moment fondateur qui nous a notamment permis de renverser les pr\u00e9jug\u00e9s sociaux auxquels nous sommes confront\u00e9es.&nbsp;<\/p>\n\n\n\n<p><strong>TV5MONDE&nbsp;:&nbsp;<\/strong>Justement, l\u2019ann\u00e9e 2025 marque le trenti\u00e8me anniversaire de la D\u00e9claration et du Programme d\u2019action de Beijing. Compte tenu de l\u2019\u00e9tat de la situation sur le continent africain, faut-il y voir un \u00e9chec dans la lutte pour les droits des femmes et des filles, l\u2019\u00e9galit\u00e9 des sexes\u2026&nbsp;?<\/p>\n\n\n\n<p><strong>Ngobo Ekotto&nbsp;:<\/strong>&nbsp;En ce qui concerne la soci\u00e9t\u00e9 civile, il n\u2019y a pas d\u2019\u00e9chec. Je dirai m\u00eame qu\u2019il y a plut\u00f4t de grandes avanc\u00e9es. Parce que les femmes ont r\u00e9ussi \u00e0 s&rsquo;organiser dans tous les secteurs de la soci\u00e9t\u00e9. Les femmes se sont empar\u00e9es de tous les secteurs de la vie publique de notre pays. Cependant, nos gouvernements ne sont toujours pas pr\u00eats \u00e0 changer de paradigme&nbsp;: celui du patriarcat qui ne veut pas entendre et voir l&rsquo;\u00e9galit\u00e9 entre les hommes et les femmes.&nbsp;<\/p>\n\n\n\n<p>Il n&rsquo;y a pas d&rsquo;\u00e9galit\u00e9 de droits. Il faut toujours que le contr\u00f4le, la capacit\u00e9 \u00e0 d\u00e9cider, soit celle d&rsquo;un homme. Un homme vu dans le sens de celui qui contr\u00f4le la soci\u00e9t\u00e9. Je parle ici du pouvoir patriarcal qui contr\u00f4le les ressources, les hommes, les femmes, les enfants, pour sa propre domination.&nbsp;<\/p>\n\n\n\n<p>Malgr\u00e9 tout, il y a aujourd\u2019hui plus de femmes parlementaires, maires, conseill\u00e8res municipales. Il y a des femmes qui s&rsquo;expriment pour dire&nbsp;: je suis battue. Il y a des femmes qui vont au tribunal pour divorcer. Il y a des femmes qui \u00e9tudient plus longtemps, qui ont acc\u00e8s \u00e0 l&rsquo;\u00e9ducation. Il y a des femmes qui refusent de continuer \u00e0 subir les mariages pr\u00e9coces&#8230; La parole des femmes est libre, m\u00eame si nos gouvernants nous maintiennent la t\u00eate dans l&rsquo;eau dans bien des domaines.&nbsp;<\/p>\n\n\n\n<p><strong>TV5MONDE&nbsp;:&nbsp;<\/strong>Dans leur dernier rapport sur la question, publi\u00e9 en 2023, ONU Femmes et l\u2019ONUDC nous apprenaient que \u00ab&nbsp;le f\u00e9minicide \u2013 la forme la plus extr\u00eame de violence \u00e0 l\u2019\u00e9gard des femmes et des filles \u2013 est omnipr\u00e9sent dans le monde.&nbsp;\u00bb Avec 21&nbsp;700 victimes, l\u2019Afrique avait enregistr\u00e9 cette ann\u00e9e-l\u00e0 le taux le plus \u00e9lev\u00e9 de f\u00e9minicides. Pour quelles raisons&nbsp;?<\/p>\n\n\n\n<p><strong>Ngobo Ekotto&nbsp;:<\/strong>&nbsp;C&rsquo;est \u00e0 cause de l&rsquo;impunit\u00e9, de l&rsquo;absence de loi qui sanctionne les hommes \u00e0 l&rsquo;origine des f\u00e9minicides. C&rsquo;est uniquement \u00e0 cause de l&rsquo;impunit\u00e9. Sinon, on ne peut pas le comprendre. Certes l\u2019affaire Diane Yangwo fait grand bruit, et c\u2019est tant mieux. Mais combien de femmes meurent dans le silence dans nos villages et villes, dans nos quartiers ?&nbsp;<\/p>\n\n\n\n<p>L\u2019affaire Diane Yangwo n&rsquo;est quand m\u00eame que la partie \u00e9merg\u00e9e d\u2019un \u00e9norme iceberg. D\u2019autant que la particularit\u00e9 de nos pays c&rsquo;est que nous n&rsquo;avons pas de statistiques nationales, ni m\u00eame locales sur l&rsquo;ampleur des violences faite aux femmes. Nous ne mesurons pas nous-m\u00eames l&rsquo;ampleur du fl\u00e9au qui s\u00e9vit dans notre pays.&nbsp;<\/p>\n","protected":false},"excerpt":{"rendered":"<p>\u00ab Le verdict de la juge donne aux hommes le pouvoir de tuer leurs \u00e9pouses \u00bb. Depuis le 1eravril dernier,<\/p>\n","protected":false},"author":1,"featured_media":55100,"comment_status":"open","ping_status":"open","sticky":false,"template":"","format":"standard","meta":{"footnotes":""},"categories":[51],"tags":[],"class_list":["post-55099","post","type-post","status-publish","format-standard","has-post-thumbnail","hentry","category-general"],"_links":{"self":[{"href":"https:\/\/dekkbi.com\/index.php?rest_route=\/wp\/v2\/posts\/55099","targetHints":{"allow":["GET"]}}],"collection":[{"href":"https:\/\/dekkbi.com\/index.php?rest_route=\/wp\/v2\/posts"}],"about":[{"href":"https:\/\/dekkbi.com\/index.php?rest_route=\/wp\/v2\/types\/post"}],"author":[{"embeddable":true,"href":"https:\/\/dekkbi.com\/index.php?rest_route=\/wp\/v2\/users\/1"}],"replies":[{"embeddable":true,"href":"https:\/\/dekkbi.com\/index.php?rest_route=%2Fwp%2Fv2%2Fcomments&post=55099"}],"version-history":[{"count":2,"href":"https:\/\/dekkbi.com\/index.php?rest_route=\/wp\/v2\/posts\/55099\/revisions"}],"predecessor-version":[{"id":55102,"href":"https:\/\/dekkbi.com\/index.php?rest_route=\/wp\/v2\/posts\/55099\/revisions\/55102"}],"wp:featuredmedia":[{"embeddable":true,"href":"https:\/\/dekkbi.com\/index.php?rest_route=\/wp\/v2\/media\/55100"}],"wp:attachment":[{"href":"https:\/\/dekkbi.com\/index.php?rest_route=%2Fwp%2Fv2%2Fmedia&parent=55099"}],"wp:term":[{"taxonomy":"category","embeddable":true,"href":"https:\/\/dekkbi.com\/index.php?rest_route=%2Fwp%2Fv2%2Fcategories&post=55099"},{"taxonomy":"post_tag","embeddable":true,"href":"https:\/\/dekkbi.com\/index.php?rest_route=%2Fwp%2Fv2%2Ftags&post=55099"}],"curies":[{"name":"wp","href":"https:\/\/api.w.org\/{rel}","templated":true}]}}