{"id":55097,"date":"2025-04-16T10:51:52","date_gmt":"2025-04-16T10:51:52","guid":{"rendered":"https:\/\/dekkbi.com\/?p=55097"},"modified":"2025-04-16T10:51:52","modified_gmt":"2025-04-16T10:51:52","slug":"presidentielle-en-cote-divoire-le-principal-parti-dopposition-vote-pour-thiam-candidat-mercredi","status":"publish","type":"post","link":"https:\/\/dekkbi.com\/?p=55097","title":{"rendered":"Pr\u00e9sidentielle en C\u00f4te d&rsquo;Ivoire: le principal parti d&rsquo;opposition vote pour Thiam candidat mercredi"},"content":{"rendered":"\n<p>Par Marietou B\u00c2  \u00a9 2025 AFP La course \u00e0 la pr\u00e9sidentielle s&rsquo;acc\u00e9l\u00e8re en C\u00f4te d&rsquo;Ivoire \u00e0 six mois du scrutin: Tidjane Thiam, ancien ministre et banquier international, doit \u00eatre \u00e9lu mercredi candidat du principal parti d&rsquo;opposition, lors d&rsquo;une convention \u00e0 laquelle il est le seul \u00e0 s&rsquo;\u00eatre pr\u00e9sent\u00e9.<\/p>\n\n\n\n<p>M. Thiam, actuellement hors du pays, est toutefois bouscul\u00e9 par une pol\u00e9mique sur sa nationalit\u00e9. Plus largement, des tensions \u00e9mergent dans le paysage politique, notamment li\u00e9es \u00e0 l&rsquo;in\u00e9ligibilit\u00e9 de trois opposants, dont l&rsquo;ancien pr\u00e9sident Laurent Gbagbo.<\/p>\n\n\n\n<p>Plusieurs milliers de militants du Parti d\u00e9mocratique de C\u00f4te d&rsquo;Ivoire (PDCI) &#8211; seulement des membres d&rsquo;organes d\u00e9cisionnaires &#8211; sont attendus mercredi pour voter dans quelque 400 bureaux install\u00e9s dans tout le pays.<\/p>\n\n\n\n<p>Les r\u00e9sultats devraient \u00eatre proclam\u00e9s dans la soir\u00e9e, m\u00eame si le suspens reste limit\u00e9 avec M. Thiam comme seul candidat.<\/p>\n\n\n\n<p>\u00ab\u00a0Il y a un enjeu \u00e0 cette convention, c&rsquo;est la mobilisation. La confirmation de Thiam comme le choix du PDCI va lui permettre d&rsquo;avoir plus de l\u00e9gitimit\u00e9 pour engager son projet et sa bataille\u00a0\u00bb, estime le chef de file des d\u00e9put\u00e9s PDCI, Simon Doho.<\/p>\n\n\n\n<p>L&rsquo;ancien ministre ivoirien du Commerce et actuel d\u00e9put\u00e9 Jean-Louis Billon, \u00e9galement candidat d\u00e9clar\u00e9 \u00e0 la pr\u00e9sidentielle, ne s&rsquo;est finalement pas align\u00e9 dans la bataille, d\u00e9non\u00e7ant notamment aupr\u00e8s de l&rsquo;AFP les modalit\u00e9s d&rsquo;organisation de la convention.<\/p>\n\n\n\n<p>\u00ab\u00a0La convention \u00e9tait vraiment ouverte. Toutes les conditions ont \u00e9t\u00e9 r\u00e9unies pour la transparence\u00a0\u00bb, r\u00e9pond un cadre du parti.<\/p>\n\n\n\n<p>En parall\u00e8le, la campagne de Tidjane Thiam est parasit\u00e9e depuis plusieurs semaines par une pol\u00e9mique concernant sa nationalit\u00e9.<\/p>\n\n\n\n<p>N\u00e9 en C\u00f4te d&rsquo;Ivoire, il a acquis la nationalit\u00e9 fran\u00e7aise en 1987 et y a renonc\u00e9 en mars dernier, afin de se pr\u00e9senter \u00e0 la pr\u00e9sidentielle, scrutin pour laquelle un candidat ne peut \u00eatre binational.<\/p>\n\n\n\n<p>Mais selon ses d\u00e9tracteurs, l&rsquo;acquisition d&rsquo;une autre nationalit\u00e9 l&rsquo;a automatiquement d\u00e9chu de sa nationalit\u00e9 ivoirienne, en vertu de l&rsquo;article 48 du code de la nationalit\u00e9, datant des ann\u00e9es 1960.<\/p>\n\n\n\n<p>Le PDCI a d\u00e9nonc\u00e9 des \u00ab\u00a0man\u0153uvres\u00a0\u00bb du pouvoir afin d&#8217;emp\u00eacher M. Thiam d&rsquo;\u00eatre candidat.<\/p>\n\n\n\n<p>\u00ab\u00a0Le fait m\u00eame de faire na\u00eetre cette menace sur sa nationalit\u00e9, m\u00eame si \u00e7a ne va pas au bout, c&rsquo;est grave. C&rsquo;est un recul de notre soci\u00e9t\u00e9, \u00e7a ne peut \u00eatre une voie d\u2019avenir\u00a0\u00bb, a affirm\u00e9 \u00e0 l&rsquo;AFP Simon Doho.<\/p>\n\n\n\n<p>Selon lui, le parti qui n&rsquo;est plus au pouvoir depuis 25 ans \u00ab\u00a0a des chances de pouvoir l&#8217;emporter. Les militants y croient\u00a0\u00bb.<\/p>\n\n\n\n<p>Mais pour le politologue Geoffroy Kouao, M. Thiam n&rsquo;est pas \u00ab\u00a0bien connu des Ivoiriens\u00a0\u00bb et \u00ab\u00a0le PDCI doit redoubler d&rsquo;efforts en termes de communication politique et de rencontres\u00a0\u00bb.<\/p>\n\n\n\n<p>Le chef du PDCI, \u00e2g\u00e9 de 62 ans, a \u00e9t\u00e9 absent du pays pendant plus de 20 ans pour une carri\u00e8re \u00e0 l&rsquo;\u00e9tranger \u00e0 la t\u00eate de puissantes soci\u00e9t\u00e9s comme Aviva, Prudential ou encore Credit Suisse.<\/p>\n\n\n\n<h2 class=\"wp-block-heading\">\u00ab\u00a0Escalade verbale\u00a0\u00bb<\/h2>\n\n\n\n<p>En parall\u00e8le, des tensions montent dans l&rsquo;opposition, qui multiplie les meetings, \u00e0 Abidjan et dans les plus petites villes.<\/p>\n\n\n\n<p>Trois figures de la politique ivoirienne ont affirm\u00e9 leur intention d&rsquo;\u00eatre candidates \u00e0 la pr\u00e9sidentielle, mais sont in\u00e9ligibles en raison de condamnations judiciaires.<\/p>\n\n\n\n<figure class=\"wp-block-image\"><img decoding=\"async\" src=\"https:\/\/information.tv5monde.com\/sites\/tv5-info\/files\/styles\/entete\/public\/2025-04\/field_media_image-2917632-b57eb87bf016253541e748af039b30bb8fdd1220.jpg?itok=0icDDYzt\" alt=\"L'ancien pr\u00e9sident ivoirien Laurent Gbagbo lors d'un rassemblement devant ses supporteurs \u00e0 Dabou le 12 avril 2025\" title=\"L'ancien pr\u00e9sident ivoirien Laurent Gbagbo lors d'un rassemblement devant ses supporteurs \u00e0 Dabou le 12 avril 2025\"\/><\/figure>\n\n\n\n<p>L&rsquo;ancien pr\u00e9sident ivoirien Laurent Gbagbo lors d&rsquo;un rassemblement devant ses supporteurs \u00e0 Dabou le 12 avril 2025<\/p>\n\n\n\n<p>AFP<\/p>\n\n\n\n<p>Issouf SANOGO<\/p>\n\n\n\n<p>Il s&rsquo;agit de l&rsquo;ancien pr\u00e9sident Laurent Gbagbo (2000-2011), investi par le Parti des peuples africains &#8211; C\u00f4te d&rsquo;Ivoire (PPA-CI), de son ancien bras droit Charles Bl\u00e9 Goud\u00e9, chef du Congr\u00e8s pour la justice et l&rsquo;\u00e9galit\u00e9 des peuples (COJEP), et de l&rsquo;ancien Premier ministre et chef rebelle Guillaume Soro, en exil.<\/p>\n\n\n\n<p>Leur nom n&rsquo;appara\u00eet pas sur la liste \u00e9lectorale provisoire, dont la version d\u00e9finitive sera publi\u00e9e en juin.<\/p>\n\n\n\n<p>En outre, le PDCI de Thiam et le PPA-CI de Gbagbo ont r\u00e9cemment annonc\u00e9 suspendre leur participation \u00e0 la Commission \u00e9lectorale ind\u00e9pendante (CEI), en d\u00e9non\u00e7ant le manque d&rsquo;ind\u00e9pendance de cet organe charg\u00e9 d&rsquo;organiser les \u00e9lections.<\/p>\n\n\n\n<p>\u00ab\u00a0Le scrutin du 25 octobre est mal parti\u00a0\u00bb, estime Geoffroy Kouao: \u00ab\u00a0On assiste \u00e0 une escalade verbale entre les acteurs politiques. Le d\u00e9sordre \u00e9lectoral s&rsquo;installe \u00e0 mesure qu&rsquo;on approche du jour du scrutin\u00a0\u00bb.<\/p>\n\n\n\n<p>Parmi les personnalit\u00e9s \u00e9ligibles, se sont d\u00e9clar\u00e9s candidats l&rsquo;ex-Premier ministre Pascal Affi N&rsquo;Guessan et l&rsquo;ancienne Premi\u00e8re dame Simone Ehivet Gbagbo.<\/p>\n\n\n\n<p>Ils ont cr\u00e9\u00e9 une coalition avec M. Bl\u00e9 Goud\u00e9 et M. Thiam d\u00e9but mars, pour r\u00e9clamer un dialogue politique.<\/p>\n\n\n\n<p>De son c\u00f4t\u00e9, le pr\u00e9sident Alassane Ouattara, 83 ans, n&rsquo;a pas indiqu\u00e9 s&rsquo;il comptait ou non briguer un quatri\u00e8me mandat mais s&rsquo;est dit en janvier \u00ab\u00a0d\u00e9sireux de continuer \u00e0 servir son pays\u00a0\u00bb. Son parti assure qu&rsquo;il sera bient\u00f4t investi candidat.<\/p>\n","protected":false},"excerpt":{"rendered":"<p>Par Marietou B\u00c2 \u00a9 2025 AFP La course \u00e0 la pr\u00e9sidentielle s&rsquo;acc\u00e9l\u00e8re en C\u00f4te d&rsquo;Ivoire \u00e0 six mois du scrutin:<\/p>\n","protected":false},"author":1,"featured_media":49235,"comment_status":"open","ping_status":"open","sticky":false,"template":"","format":"standard","meta":{"footnotes":""},"categories":[51],"tags":[],"class_list":["post-55097","post","type-post","status-publish","format-standard","has-post-thumbnail","hentry","category-general"],"_links":{"self":[{"href":"https:\/\/dekkbi.com\/index.php?rest_route=\/wp\/v2\/posts\/55097","targetHints":{"allow":["GET"]}}],"collection":[{"href":"https:\/\/dekkbi.com\/index.php?rest_route=\/wp\/v2\/posts"}],"about":[{"href":"https:\/\/dekkbi.com\/index.php?rest_route=\/wp\/v2\/types\/post"}],"author":[{"embeddable":true,"href":"https:\/\/dekkbi.com\/index.php?rest_route=\/wp\/v2\/users\/1"}],"replies":[{"embeddable":true,"href":"https:\/\/dekkbi.com\/index.php?rest_route=%2Fwp%2Fv2%2Fcomments&post=55097"}],"version-history":[{"count":1,"href":"https:\/\/dekkbi.com\/index.php?rest_route=\/wp\/v2\/posts\/55097\/revisions"}],"predecessor-version":[{"id":55098,"href":"https:\/\/dekkbi.com\/index.php?rest_route=\/wp\/v2\/posts\/55097\/revisions\/55098"}],"wp:featuredmedia":[{"embeddable":true,"href":"https:\/\/dekkbi.com\/index.php?rest_route=\/wp\/v2\/media\/49235"}],"wp:attachment":[{"href":"https:\/\/dekkbi.com\/index.php?rest_route=%2Fwp%2Fv2%2Fmedia&parent=55097"}],"wp:term":[{"taxonomy":"category","embeddable":true,"href":"https:\/\/dekkbi.com\/index.php?rest_route=%2Fwp%2Fv2%2Fcategories&post=55097"},{"taxonomy":"post_tag","embeddable":true,"href":"https:\/\/dekkbi.com\/index.php?rest_route=%2Fwp%2Fv2%2Ftags&post=55097"}],"curies":[{"name":"wp","href":"https:\/\/api.w.org\/{rel}","templated":true}]}}