{"id":55095,"date":"2025-04-16T10:49:19","date_gmt":"2025-04-16T10:49:19","guid":{"rendered":"https:\/\/dekkbi.com\/?p=55095"},"modified":"2025-04-16T11:18:58","modified_gmt":"2025-04-16T11:18:58","slug":"biden-sen-prend-a-trump-dans-son-premier-discours-dex-president","status":"publish","type":"post","link":"https:\/\/dekkbi.com\/?p=55095","title":{"rendered":"Biden s&rsquo;en prend \u00e0 Trump dans son premier discours d&rsquo;ex-pr\u00e9sident"},"content":{"rendered":"\n<p>\u00ab\u00a0Tant de destruction\u00a0\u00bb. Joe Biden s&rsquo;est livr\u00e9 mardi \u00e0 une attaque en r\u00e8gle de son successeur Donald Trump dans son premier discours public depuis qu&rsquo;il a quitt\u00e9 la Maison Blanche, le 20 janvier dernier.<\/p>\n\n\n\n<p>\u00ab\u00a0Voyez ce qui s&rsquo;est pass\u00e9: cela ne fait pas encore 100 jours et cette nouvelle administration a fait tant de d\u00e9g\u00e2ts et tant de destruction\u00a0\u00bb, a d\u00e9nonc\u00e9 l&rsquo;ex-pr\u00e9sident, qui s&rsquo;exprimait \u00e0 Chicago (nord) lors d&rsquo;une conf\u00e9rence consacr\u00e9e \u00e0 la \u00ab\u00a0S\u00e9curit\u00e9 sociale\u00a0\u00bb, le syst\u00e8me de retraites am\u00e9ricain.<\/p>\n\n\n\n<p>\u00ab\u00a0Tout cela est arriv\u00e9 si vite, c&rsquo;est \u00e0 couper le souffle\u00a0\u00bb, a-t-il ajout\u00e9, dans un discours de pr\u00e8s d&rsquo;une demi-heure parsem\u00e9 de pointes d&rsquo;humour. Mais aussi de quelques moments de flottement, quand Joe Biden a par exemple bafouill\u00e9 sur certaines phrases ou pein\u00e9 \u00e0 arriver au bout d&rsquo;anecdotes, conclues avant la fin par un \u00ab\u00a0Bref\u00a0\u00bb.<\/p>\n\n\n\n<p>Sur son r\u00e9seau Truth Social, Donald Trump, souvent prompt \u00e0 se moquer de son ancien adversaire \u00e0 la pr\u00e9sidentielle, a republi\u00e9 l&rsquo;extrait de l&rsquo;une de ces tirades inachev\u00e9es, sans ajouter de commentaire \u00e0 l&rsquo;\u00e9crit.<\/p>\n\n\n\n<p>M. Biden, 82 ans, a accus\u00e9 l&rsquo;administration Trump de s&rsquo;en prendre \u00e0 la S\u00e9curit\u00e9 sociale, agence f\u00e9d\u00e9rale notamment charg\u00e9e de distribuer les retraites publiques ou les pensions d&rsquo;invalidit\u00e9 \u00e0 68 millions de b\u00e9n\u00e9ficiaires.<\/p>\n\n\n\n<p>\u00ab\u00a0Ils attaquent la S\u00e9curit\u00e9 sociale \u00e0 coups de hache, licenciant 7.000 fonctionnaires, y compris les plus chevronn\u00e9s. Ils s&rsquo;appr\u00eatent \u00e0 en pousser des milliers d&rsquo;autres vers la porte\u00a0\u00bb, a d\u00e9nonc\u00e9 l&rsquo;ancien chef d&rsquo;Etat.<\/p>\n\n\n\n<p>\u00ab\u00a0Pourquoi veulent-ils la d\u00e9valiser? C&rsquo;est pour offrir d&rsquo;\u00e9normes baisses d&rsquo;imp\u00f4ts aux milliardaires\u00a0\u00bb, a martel\u00e9 l&rsquo;ancien pr\u00e9sident d\u00e9mocrate, accus\u00e9 d&rsquo;avoir tard\u00e9 \u00e0 c\u00e9der la place l&rsquo;an dernier \u00e0 sa vice-pr\u00e9sidente Kamala Harris dans la course \u00e0 la Maison Blanche, donnant ainsi un avantage \u00e0 son adversaire r\u00e9publicain.<\/p>\n\n\n\n<p>\u00ab\u00a0La S\u00e9curit\u00e9 sociale m\u00e9rite d&rsquo;\u00eatre prot\u00e9g\u00e9e pour le bien de la nation tout enti\u00e8re\u00a0\u00bb, a-t-il dit. \u00ab\u00a0Il ne s&rsquo;agit pas seulement de pensions de retraite. Il s&rsquo;agit d&rsquo;honorer un lien de confiance fondamental entre l&rsquo;Etat et le peuple\u00a0\u00bb.<\/p>\n\n\n\n<p>En f\u00e9vrier, l&rsquo;administration Trump a nomm\u00e9 temporairement un \u00ab\u00a0expert anti-fraude\u00a0\u00bb \u00e0 la t\u00eate de la S\u00e9curit\u00e9 sociale.<\/p>\n\n\n\n<p>Elon Musk, charg\u00e9 par Donald Trump d&rsquo;une cure d&rsquo;amaigrissement de l&rsquo;Etat f\u00e9d\u00e9ral, affirme que de nombreuses fraudes minent le fonctionnement de la S\u00e9curit\u00e9 sociale, avec notamment plusieurs millions de b\u00e9n\u00e9ficiaires \u00e2g\u00e9s de plus de cent ans, sans avancer de donn\u00e9es d\u00e9taill\u00e9es et publiques.<\/p>\n\n\n\n<p>Par \u00a9 2025 AFP<\/p>\n","protected":false},"excerpt":{"rendered":"<p>\u00ab\u00a0Tant de destruction\u00a0\u00bb. Joe Biden s&rsquo;est livr\u00e9 mardi \u00e0 une attaque en r\u00e8gle de son successeur Donald Trump dans son<\/p>\n","protected":false},"author":1,"featured_media":55114,"comment_status":"open","ping_status":"open","sticky":false,"template":"","format":"standard","meta":{"footnotes":""},"categories":[51],"tags":[],"class_list":["post-55095","post","type-post","status-publish","format-standard","has-post-thumbnail","hentry","category-general"],"_links":{"self":[{"href":"https:\/\/dekkbi.com\/index.php?rest_route=\/wp\/v2\/posts\/55095","targetHints":{"allow":["GET"]}}],"collection":[{"href":"https:\/\/dekkbi.com\/index.php?rest_route=\/wp\/v2\/posts"}],"about":[{"href":"https:\/\/dekkbi.com\/index.php?rest_route=\/wp\/v2\/types\/post"}],"author":[{"embeddable":true,"href":"https:\/\/dekkbi.com\/index.php?rest_route=\/wp\/v2\/users\/1"}],"replies":[{"embeddable":true,"href":"https:\/\/dekkbi.com\/index.php?rest_route=%2Fwp%2Fv2%2Fcomments&post=55095"}],"version-history":[{"count":1,"href":"https:\/\/dekkbi.com\/index.php?rest_route=\/wp\/v2\/posts\/55095\/revisions"}],"predecessor-version":[{"id":55096,"href":"https:\/\/dekkbi.com\/index.php?rest_route=\/wp\/v2\/posts\/55095\/revisions\/55096"}],"wp:featuredmedia":[{"embeddable":true,"href":"https:\/\/dekkbi.com\/index.php?rest_route=\/wp\/v2\/media\/55114"}],"wp:attachment":[{"href":"https:\/\/dekkbi.com\/index.php?rest_route=%2Fwp%2Fv2%2Fmedia&parent=55095"}],"wp:term":[{"taxonomy":"category","embeddable":true,"href":"https:\/\/dekkbi.com\/index.php?rest_route=%2Fwp%2Fv2%2Fcategories&post=55095"},{"taxonomy":"post_tag","embeddable":true,"href":"https:\/\/dekkbi.com\/index.php?rest_route=%2Fwp%2Fv2%2Ftags&post=55095"}],"curies":[{"name":"wp","href":"https:\/\/api.w.org\/{rel}","templated":true}]}}