{"id":55084,"date":"2025-04-16T10:36:36","date_gmt":"2025-04-16T10:36:36","guid":{"rendered":"https:\/\/dekkbi.com\/?p=55084"},"modified":"2025-04-16T10:36:37","modified_gmt":"2025-04-16T10:36:37","slug":"assemblee-nationale-transformation-des-systemes-agro-alimentaires-des-parlementaires-outilles-pour-faire-face-aux-defis","status":"publish","type":"post","link":"https:\/\/dekkbi.com\/?p=55084","title":{"rendered":"Assembl\u00e9e nationale \u2013 transformation des syst\u00e8mes agro-alimentaires : des parlementaires outill\u00e9s pour faire face aux d\u00e9fis"},"content":{"rendered":"\n<p><strong>Un atelier de renforcement de capacit\u00e9s au b\u00e9n\u00e9fice des parlementaires s\u2019est ouvert hier, mardi 15 avril 2025, \u00e0 l\u2019Assembl\u00e9e nationale. Organis\u00e9 par le R\u00e9seau des Parlementaires pour la Protection de l\u2019Environnement au S\u00e9n\u00e9gal (REPES), en partenariat avec l\u2019Initiative Prospective Agricole et Rurale (IPAR) et l\u2019Organisation des Nations Unies pour l\u2019Alimentation et l\u2019Agriculture (FAO), cette rencontre vise \u00e0 outiller les parlementaires afin de faire face aux d\u00e9fis de la transformation des syst\u00e8mes agro-alimentaires.<\/strong><\/p>\n\n\n\n<p>Au centre des pr\u00e9occupations politiques, les syst\u00e8mes agro-alimentaires sont un facteur essentiel de l\u2019agriculture, de la s\u00e9curit\u00e9 alimentaire, ou encore de l\u2019autonomie.&nbsp; Cependant, face aux effets combin\u00e9s de la croissance d\u00e9mographique, des \u00e9volutions des modes de vie et des changements climatiques,&nbsp;<em>\u00ables syst\u00e8mes agro-alimentaires sont devenus des enjeux majeurs plan\u00e9taires\u00bb,<\/em>&nbsp;a soulign\u00e9 le d\u00e9put\u00e9 Samba Dang, pr\u00e9sident du R\u00e9seau des Parlementaires pour la Protection de l\u2019Environnement au S\u00e9n\u00e9gal (REPES).<\/p>\n\n\n\n<p>Selon lui,&nbsp;<em>\u00abla r\u00e9currence des chocs (s\u00e9cheresse, hausse des prix, attaques de criquets, conflits) et la pauvret\u00e9 sous-jacente ainsi que le manque d\u2019acc\u00e8s \u00e0 l\u2019eau potable et les d\u00e9ficits d\u2019acc\u00e8s \u00e0 des services de sant\u00e9 de qualit\u00e9 et d\u2019autres services de base sont quelques-uns des d\u00e9fis qui affectent les syst\u00e8mes agro-alimentaires.\u00bb<\/em><\/p>\n\n\n\n<p>Ainsi, face \u00e0 ces d\u00e9fis, dit-il,&nbsp;<em>\u00abl\u2019Organisation des Nations Unies pour l\u2019Alimentation et l\u2019Agriculture (FAO) a consolid\u00e9 son approche de soutien et de suivi de l\u2019action parlementaire, ancrant la s\u00e9curit\u00e9 alimentaire et la nutrition dans les cadres l\u00e9gislatifs, en collaborant avec plus de 60 r\u00e9seaux parlementaires dans le monde, contribuant directement au d\u00e9veloppement et \u00e0 l\u2019adoption de plus de 100 lois li\u00e9es \u00e0 la s\u00e9curit\u00e9 alimentaire, \u00e0 la nutrition et aux syst\u00e8mes agro-alimentaires en g\u00e9n\u00e9ral.\u00bb<\/em><\/p>\n\n\n\n<p>Donc, \u00e0 son avis,&nbsp;<em>\u00abce partenariat t\u00e9moigne, d\u2019une part, de la priorit\u00e9 accord\u00e9e par la FAO \u00e0 ces enjeux dans la sous-r\u00e9gion et, d\u2019autre part, de la vitalit\u00e9 de la coop\u00e9ration interparlementaire qui ne cesse de se renforcer notamment avec cette initiative\u00bb.<\/em><\/p>\n\n\n\n<p>De son c\u00f4t\u00e9, Dr Cheikh Oumar Ba, Directeur ex\u00e9cutif de l\u2019IPAR, a fait \u00e9tat d\u2019une initiative, en cours de r\u00e9flexion avec la FAO, pour accompagner les parlementaires.&nbsp;&nbsp;<em>\u00abAujourd\u2019hui, avec la FAO et l\u2019IPAR,&nbsp;nous sommes en train de r\u00e9fl\u00e9chir, avec les parlementaires, pour les accompagner \u00e0 se doter d\u2019outils qui sont au niveau&nbsp; international\u00bb<\/em>, a-t-il relev\u00e9.<\/p>\n\n\n\n<p>Donc, assure le Directeur ex\u00e9cutif de l\u2019IPAR,&nbsp;<em>\u00abnous sommes convaincus que si nous travaillons ensemble dans la territorialisation des politiques publiques, nous allons toucher les huit p\u00f4les dont parle l\u2019Etat. Nous allons accompagner l\u2019Etat dans sa nouvelle orientation. Et l\u2019assembl\u00e9e a un r\u00f4le cl\u00e9 (\u00e0 jouer, ndlr). C\u2019est pourquoi nous pensons qu\u2019il vaut mieux renforcer les capacit\u00e9s de l\u2019assembl\u00e9e.\u00bb<\/em><\/p>\n\n\n\n<p>A son tour, Mehdi Drissi, repr\u00e9sentant de la FAO, saluant l\u2019initiative entreprise par le REPES, appelle \u00e0 l\u00e9gif\u00e9rer sur toutes ces th\u00e9matique li\u00e9es aux syst\u00e8mes agro-alimentaires.&nbsp;<em>\u00abIl faut l\u00e9gif\u00e9rer sur toutes ces th\u00e9matiques, car une fois que des lois existent, elles sont appliqu\u00e9es pour le respect de l\u2019environnement, pour une meilleure alimentation, pour une production agricole durable et r\u00e9siliente et inclusive, pour des emplois des femmes et des jeunes\u00bb<\/em>, a plaid\u00e9 le repr\u00e9sentant de la FAO.<\/p>\n\n\n\n<p><strong>Ousmane GOUDIABY<\/strong><\/p>\n","protected":false},"excerpt":{"rendered":"<p>Un atelier de renforcement de capacit\u00e9s au b\u00e9n\u00e9fice des parlementaires s\u2019est ouvert hier, mardi 15 avril 2025, \u00e0 l\u2019Assembl\u00e9e nationale.<\/p>\n","protected":false},"author":1,"featured_media":55085,"comment_status":"open","ping_status":"open","sticky":false,"template":"","format":"standard","meta":{"footnotes":""},"categories":[21],"tags":[],"class_list":["post-55084","post","type-post","status-publish","format-standard","has-post-thumbnail","hentry","category-societe"],"_links":{"self":[{"href":"https:\/\/dekkbi.com\/index.php?rest_route=\/wp\/v2\/posts\/55084","targetHints":{"allow":["GET"]}}],"collection":[{"href":"https:\/\/dekkbi.com\/index.php?rest_route=\/wp\/v2\/posts"}],"about":[{"href":"https:\/\/dekkbi.com\/index.php?rest_route=\/wp\/v2\/types\/post"}],"author":[{"embeddable":true,"href":"https:\/\/dekkbi.com\/index.php?rest_route=\/wp\/v2\/users\/1"}],"replies":[{"embeddable":true,"href":"https:\/\/dekkbi.com\/index.php?rest_route=%2Fwp%2Fv2%2Fcomments&post=55084"}],"version-history":[{"count":1,"href":"https:\/\/dekkbi.com\/index.php?rest_route=\/wp\/v2\/posts\/55084\/revisions"}],"predecessor-version":[{"id":55086,"href":"https:\/\/dekkbi.com\/index.php?rest_route=\/wp\/v2\/posts\/55084\/revisions\/55086"}],"wp:featuredmedia":[{"embeddable":true,"href":"https:\/\/dekkbi.com\/index.php?rest_route=\/wp\/v2\/media\/55085"}],"wp:attachment":[{"href":"https:\/\/dekkbi.com\/index.php?rest_route=%2Fwp%2Fv2%2Fmedia&parent=55084"}],"wp:term":[{"taxonomy":"category","embeddable":true,"href":"https:\/\/dekkbi.com\/index.php?rest_route=%2Fwp%2Fv2%2Fcategories&post=55084"},{"taxonomy":"post_tag","embeddable":true,"href":"https:\/\/dekkbi.com\/index.php?rest_route=%2Fwp%2Fv2%2Ftags&post=55084"}],"curies":[{"name":"wp","href":"https:\/\/api.w.org\/{rel}","templated":true}]}}