{"id":55069,"date":"2025-04-16T10:21:23","date_gmt":"2025-04-16T10:21:23","guid":{"rendered":"https:\/\/dekkbi.com\/?p=55069"},"modified":"2025-04-16T10:24:29","modified_gmt":"2025-04-16T10:24:29","slug":"fiscalite-et-economie-numerique-ouverture-a-dakar-dune-conference-internationale","status":"publish","type":"post","link":"https:\/\/dekkbi.com\/?p=55069","title":{"rendered":"Fiscalit\u00e9 et \u00e9conomie num\u00e9rique"},"content":{"rendered":"\n<h3 class=\"wp-block-heading\"><strong>Ouverture \u00e0 Dakar d\u2019une conf\u00e9rence internationale <\/strong>&#8211; La capitale s\u00e9n\u00e9galaise abrite depuis ce matin, une conf\u00e9rence internationale de haut niveau, d\u00e9di\u00e9e \u00e0 la fiscalit\u00e9 de l\u2019\u00e9conomie num\u00e9rique. La c\u00e9r\u00e9monie d\u2019ouverture s\u2019est tenue ce mardi \u00e0 Dakar, sous la pr\u00e9sidence de M. Cheikh Diba, ministre des Finances et du Budget.<\/h3>\n\n\n\n<p>Organis\u00e9e par la Fondation pour le Renforcement des Capacit\u00e9s en Afrique (ACBF), cette rencontre r\u00e9unit plusieurs experts, acteurs publics et partenaires techniques, autour des enjeux li\u00e9s \u00e0 la mobilisation des ressources, dans un contexte de digitalisation croissante de l\u2019\u00e9conomie.<\/p>\n\n\n\n<p>Partenaire de cette initiative, la Direction g\u00e9n\u00e9rale des Douanes (DGD) prend une part active aux travaux. Elle est repr\u00e9sent\u00e9e \u00e0 cette occasion, par son top management, conduit par le Directeur g\u00e9n\u00e9ral, M. Babacar Mbaye.<\/p>\n\n\n\n<p>Selon l\u2019information post\u00e9e sur la page de nos braves soldats de l\u2019\u00e9conomie, la DGD interviendra ce mercredi 16 avril 2025, \u00e0 partir de 10h, lors d\u2019un panel consacr\u00e9 \u00e0 la contribution des syst\u00e8mes de paiements digitaux pour une fiscalit\u00e9 efficace de l\u2019\u00e9conomie num\u00e9rique.<\/p>\n\n\n\n<p>Cette intervention permettra d\u2019ailleurs de partager l\u2019exp\u00e9rience s\u00e9n\u00e9galaise en mati\u00e8re d\u2019int\u00e9gration des outils num\u00e9riques, dans les m\u00e9canismes de collecte et de gestion fiscale.<\/p>\n\n\n\n<p>C\u2019est ainsi que cette conf\u00e9rence s\u2019inscrit dans la dynamique de renforcement des capacit\u00e9s des \u00c9tats africains, face aux d\u00e9fis pos\u00e9s par les mutations technologiques et l\u2019essor du commerce num\u00e9rique.<\/p>\n\n\n\n<p>SOURCE LERAL<\/p>\n","protected":false},"excerpt":{"rendered":"<p>Ouverture \u00e0 Dakar d\u2019une conf\u00e9rence internationale &#8211; La capitale s\u00e9n\u00e9galaise abrite depuis ce matin, une conf\u00e9rence internationale de haut niveau,<\/p>\n","protected":false},"author":1,"featured_media":55070,"comment_status":"open","ping_status":"open","sticky":false,"template":"","format":"standard","meta":{"footnotes":""},"categories":[3],"tags":[],"class_list":["post-55069","post","type-post","status-publish","format-standard","has-post-thumbnail","hentry","category-event-more-news"],"_links":{"self":[{"href":"https:\/\/dekkbi.com\/index.php?rest_route=\/wp\/v2\/posts\/55069","targetHints":{"allow":["GET"]}}],"collection":[{"href":"https:\/\/dekkbi.com\/index.php?rest_route=\/wp\/v2\/posts"}],"about":[{"href":"https:\/\/dekkbi.com\/index.php?rest_route=\/wp\/v2\/types\/post"}],"author":[{"embeddable":true,"href":"https:\/\/dekkbi.com\/index.php?rest_route=\/wp\/v2\/users\/1"}],"replies":[{"embeddable":true,"href":"https:\/\/dekkbi.com\/index.php?rest_route=%2Fwp%2Fv2%2Fcomments&post=55069"}],"version-history":[{"count":2,"href":"https:\/\/dekkbi.com\/index.php?rest_route=\/wp\/v2\/posts\/55069\/revisions"}],"predecessor-version":[{"id":55075,"href":"https:\/\/dekkbi.com\/index.php?rest_route=\/wp\/v2\/posts\/55069\/revisions\/55075"}],"wp:featuredmedia":[{"embeddable":true,"href":"https:\/\/dekkbi.com\/index.php?rest_route=\/wp\/v2\/media\/55070"}],"wp:attachment":[{"href":"https:\/\/dekkbi.com\/index.php?rest_route=%2Fwp%2Fv2%2Fmedia&parent=55069"}],"wp:term":[{"taxonomy":"category","embeddable":true,"href":"https:\/\/dekkbi.com\/index.php?rest_route=%2Fwp%2Fv2%2Fcategories&post=55069"},{"taxonomy":"post_tag","embeddable":true,"href":"https:\/\/dekkbi.com\/index.php?rest_route=%2Fwp%2Fv2%2Ftags&post=55069"}],"curies":[{"name":"wp","href":"https:\/\/api.w.org\/{rel}","templated":true}]}}