{"id":55067,"date":"2025-04-16T10:15:49","date_gmt":"2025-04-16T10:15:49","guid":{"rendered":"https:\/\/dekkbi.com\/?p=55067"},"modified":"2025-04-16T10:15:49","modified_gmt":"2025-04-16T10:15:49","slug":"le-prefet-de-dakar-dit-niet-frapp-denonce-linterdiction-de-sa-marche-contre-la-corruption-dans-les-services-de-visa-espagnols","status":"publish","type":"post","link":"https:\/\/dekkbi.com\/?p=55067","title":{"rendered":"Le pr\u00e9fet de Dakar dit \u00ab Niet \u00bb : FRAPP d\u00e9nonce l\u2019interdiction de sa marche contre la corruption, dans les services de visa espagnols"},"content":{"rendered":"\n<h3 class=\"wp-block-heading\">Le mouvement FRAPP s\u2019insurge contre l\u2019interdiction de sa manifestation pr\u00e9vue \u00e0 Dakar, destin\u00e9e \u00e0 d\u00e9noncer la corruption dans l\u2019attribution des visas par le consulat d\u2019Espagne. Une lettre de protestation sera remise \u00e0 l\u2019ambassade par une d\u00e9l\u00e9gation accompagn\u00e9e de victimes<\/h3>\n\n\n\n<p>Le FRAPP a condamn\u00e9 l\u2019interdiction, par le pr\u00e9fet de Dakar, d\u2019une marche pacifique pr\u00e9vue ce mardi 15 avril 2025, pour d\u00e9noncer la corruption pr\u00e9sum\u00e9e dans la d\u00e9livrance des visas espagnols \u00e0 Dakar. Selon le mouvement, cette marche avait pour but de donner la parole aux victimes de ces pratiques et de r\u00e9clamer plus de transparence dans le traitement des demandes de visa.<\/p>\n\n\n\n<p>Dans une d\u00e9claration transmise \u00e0 la presse, le FRAPP accuse les autorit\u00e9s d\u2019entraver la libert\u00e9 d\u2019expression : \u00ab&nbsp;<em>Cette interdiction arbitraire vient porter un coup grave aux libert\u00e9s d\u00e9mocratiques et prot\u00e8ge un r\u00e9seau de corruption syst\u00e9mique au sein du consulat d\u2019Espagne&nbsp;<\/em>\u00bb.<\/p>\n\n\n\n<p>En r\u00e9action, le mouvement annonce l\u2019envoi d\u2019une d\u00e9l\u00e9gation compos\u00e9e de membres du FRAPP et de victimes aupr\u00e8s de l\u2019ambassade d\u2019Espagne, afin d\u2019y d\u00e9poser une lettre de protestation officielle.<\/p>\n\n\n\n<p>\u00ab&nbsp;<em>Le FRAPP r\u00e9affirme son engagement \u00e0 lutter contre toutes les formes d\u2019exploitation et d\u2019injustice&nbsp;<\/em>\u00bb, conclut le communiqu\u00e9 sign\u00e9 du Secr\u00e9tariat Ex\u00e9cutif National.<br><\/p>\n\n\n\n<p>MD &#8211; SOURCE LERAL<\/p>\n","protected":false},"excerpt":{"rendered":"<p>Le mouvement FRAPP s\u2019insurge contre l\u2019interdiction de sa manifestation pr\u00e9vue \u00e0 Dakar, destin\u00e9e \u00e0 d\u00e9noncer la corruption dans l\u2019attribution des<\/p>\n","protected":false},"author":1,"featured_media":42917,"comment_status":"open","ping_status":"open","sticky":false,"template":"","format":"standard","meta":{"footnotes":""},"categories":[26],"tags":[],"class_list":["post-55067","post","type-post","status-publish","format-standard","has-post-thumbnail","hentry","category-fait-divers"],"_links":{"self":[{"href":"https:\/\/dekkbi.com\/index.php?rest_route=\/wp\/v2\/posts\/55067","targetHints":{"allow":["GET"]}}],"collection":[{"href":"https:\/\/dekkbi.com\/index.php?rest_route=\/wp\/v2\/posts"}],"about":[{"href":"https:\/\/dekkbi.com\/index.php?rest_route=\/wp\/v2\/types\/post"}],"author":[{"embeddable":true,"href":"https:\/\/dekkbi.com\/index.php?rest_route=\/wp\/v2\/users\/1"}],"replies":[{"embeddable":true,"href":"https:\/\/dekkbi.com\/index.php?rest_route=%2Fwp%2Fv2%2Fcomments&post=55067"}],"version-history":[{"count":1,"href":"https:\/\/dekkbi.com\/index.php?rest_route=\/wp\/v2\/posts\/55067\/revisions"}],"predecessor-version":[{"id":55068,"href":"https:\/\/dekkbi.com\/index.php?rest_route=\/wp\/v2\/posts\/55067\/revisions\/55068"}],"wp:featuredmedia":[{"embeddable":true,"href":"https:\/\/dekkbi.com\/index.php?rest_route=\/wp\/v2\/media\/42917"}],"wp:attachment":[{"href":"https:\/\/dekkbi.com\/index.php?rest_route=%2Fwp%2Fv2%2Fmedia&parent=55067"}],"wp:term":[{"taxonomy":"category","embeddable":true,"href":"https:\/\/dekkbi.com\/index.php?rest_route=%2Fwp%2Fv2%2Fcategories&post=55067"},{"taxonomy":"post_tag","embeddable":true,"href":"https:\/\/dekkbi.com\/index.php?rest_route=%2Fwp%2Fv2%2Ftags&post=55067"}],"curies":[{"name":"wp","href":"https:\/\/api.w.org\/{rel}","templated":true}]}}