{"id":55061,"date":"2025-04-16T10:07:56","date_gmt":"2025-04-16T10:07:56","guid":{"rendered":"https:\/\/dekkbi.com\/?p=55061"},"modified":"2025-04-16T10:07:57","modified_gmt":"2025-04-16T10:07:57","slug":"force-covid-arrestations-continues-la-justice-traque-les-variants","status":"publish","type":"post","link":"https:\/\/dekkbi.com\/?p=55061","title":{"rendered":"Force Covid \u2013 Arrestations continues : LA JUSTICE TRAQUE LES VARIANTS"},"content":{"rendered":"\n<p><strong>Apr\u00e8s la vague d\u2019arrestations des derni\u00e8res heures, la Haute cour de justice devrait suivre la marche avec la mise en accusation imminente, par l\u2019Assembl\u00e9e nationale, d\u2019une dizaine de ministres qui auraient \u00e9t\u00e9 \u00e9pingl\u00e9s par le rapport de la Cour des comptes sur le Fonds de riposte contre le Covid-19. <\/strong><\/p>\n\n\n\n<p>La Division des investigations criminelles (Dic) a carbur\u00e9, ces derni\u00e8res 48h, \u00e0 plus de 100 km\/h pour d\u00e9masquer les personnes suppos\u00e9es avoir d\u00e9tourn\u00e9 l\u2019argent du Fonds de riposte contre le Covid-19. Apr\u00e8s la premi\u00e8re vague du lundi, une autre brochette de gestionnaires a \u00e9t\u00e9 plac\u00e9e en garde \u00e0 vue sur ordre du Parquet judiciaire financier pour d\u00e9tournements pr\u00e9sum\u00e9s de fonds publics. Il s\u2019agit du Dage du minist\u00e8re de la Sant\u00e9 et de l\u2019action sociale, Ousseynou Ngom, de Mamadou Ndiaye, directeur de la Pr\u00e9vention au Msas, qui \u00e9tait une figure marquante de la riposte contre la pand\u00e9mie.<\/p>\n\n\n\n<p>Dans ce lot, il y a d\u2019autres responsables d\u2019\u00e9tablissements financiers qui devraient aussi \u00eatre d\u00e9f\u00e9r\u00e9s aujourd\u2019hui au niveau du Pjf. On peut citer Moussa Sam Daff, directeur de l\u2019h\u00f4pital Dalal Jamm de Gu\u00e9diawaye, Babacar S\u00e8ne, directeur de l\u2019H\u00f4pital de Kaffrine, le comptable particulier de l\u2019H\u00f4pital de Pikine, Alioune Badara Diop, et Lamine Diallo, comptable de l\u2019h\u00f4pital Youssou Mbargane. Artistes pris \u00e0 contretemps\u00a0?<\/p>\n\n\n\n<p>Dans ce dossier Covid-19, il y a une danse \u00e0 contretemps des hommes culturels. L\u2019animateur et entrepreneur culturel Tange Tandian, qui fait partie des cas suspects, a \u00e9t\u00e9 aussi envoy\u00e9 au Parquet pour des malversations pr\u00e9sum\u00e9es de 72 millions F Cfa. Ancien Directeur ex\u00e9cutif de l\u2019Observatoire de la musique et des arts du S\u00e9n\u00e9gal (Omart S\u00e9n\u00e9gal), il a fait partie des gestionnaires des fonds destin\u00e9s aux musiciens impact\u00e9s par le Covid-19 \u00e0 cause de la suspension de leurs activit\u00e9s due aux mesures restrictives comme l\u2019interdiction des rassemblements. En pr\u00e9sentant des d\u00e9charges, il a tent\u00e9 de se d\u00e9fendre, mais cela n\u2019a pas convaincu les enqu\u00eateurs.<\/p>\n\n\n\n<p>Connue pour ses talents cr\u00e9atifs, Alimatou Sadiya Gu\u00e8ye, pr\u00e9sidente des stylistes, s\u2019est retrouv\u00e9e dans le viseur de la Justice \u00e0 cause des m\u00eames soucis. Elle a \u00e9t\u00e9 d\u00e9f\u00e9r\u00e9e au m\u00eame titre que Bamba Hamdy (artiste-compositeur), Abdou Aziz Mbaye (communicateur traditionnel), Mamadou Ngom Niang, ancien directeur de l\u2019Administration g\u00e9n\u00e9rale et de l\u2019\u00e9quipement au minist\u00e8re des Sports, et d\u2019autres responsables publics arr\u00eat\u00e9s lundi.<\/p>\n\n\n\n<p>Leur face-\u00e0-face avec le Parquet a tir\u00e9 en longueur hier \u00e0 cause des propositions de m\u00e9diation p\u00e9nale soumises par certains suspects et des \u00e9cheveaux \u00e0 d\u00e9m\u00ealer pour tirer cette affaire au clair. Evidemment, lors de leurs auditions, ils ont apport\u00e9 des pi\u00e8ces justificatives, mais cela n\u2019a pas suffi pour se sortir de ce huis-clos avec les enqu\u00eateurs totalement libres.<\/p>\n\n\n\n<p><strong>Ministres en salle d\u2019attente<\/strong><\/p>\n\n\n\n<p>Aux yeux de certains, ils ne sont que de simples lampistes qui ne doivent pas payer \u00e0 la place des gros calibres. Et des poursuites vont \u00eatre d\u00e9clench\u00e9es dans les prochains jours devant la Haute cour de justice dont la composition est d\u00e9j\u00e0 connue, contre d\u2019anciens ministres sous Macky Sall au moment de la survenue de la pand\u00e9mie. Il s\u2019agit d\u2019une liste d\u2019une dizaine d\u2019ex-hauts responsables minist\u00e9riels, qui devraient \u00eatre vis\u00e9s par une proc\u00e9dure de mise en accusation au niveau de l\u2019Assembl\u00e9e nationale. Si certains restaient toujours fid\u00e8les \u00e0 l\u2019ancien pr\u00e9sident de la R\u00e9publique, d\u2019autres ont pris leurs distances avec lui en rejoignant d\u2019autres partis ou en se mettant en retrait de la politique.<\/p>\n\n\n\n<p>Les faits qui leur sont reproch\u00e9s sont de natures diverses et vont, entre autres, de \u00abd\u00e9faut de justification des d\u00e9penses\u00bb ou \u00ababsence de pi\u00e8ces justificatives\u00bb relatives \u00e0 des d\u00e9penses \u00e0 \u00abdes paiements sans service fait\u00bb, en passant par des \u00absurfacturations\u00bb pour l\u2019acquisition de certains produits. Sans oublier certains paiements en esp\u00e8ces pour des achats, ce qui est contraire \u00e0 la r\u00e8gle dans l\u2019Administration publique. Il faut savoir que sur les 1000 milliards du fonds Covid-19 dont il est question, 628 milliards de Cfa \u00e9taient tir\u00e9s du Tr\u00e9sor public, tandis que pour 372 milliards, il s\u2019agissait de mesures de renonciations fiscales visant \u00e0 permettre \u00e0 des entreprises priv\u00e9es nationales de pouvoir supporter le choc de la perte de leurs activit\u00e9s \u00e9conomiques et de ne pas mettre la cl\u00e9 sous le paillasson durant la p\u00e9riode du Covid-19.<\/p>\n\n\n\n<p>Le fonds Covid-19 devait permettre la mise en \u0153uvre du Programme de r\u00e9silience \u00e9conomique et sociale (Pres) en ses 4 axes, \u00e0 savoir le soutien au secteur de la sant\u00e9, le renforcement de la r\u00e9silience de la population et de la coh\u00e9sion sociale, la sauvegarde de la stabilit\u00e9 macro\u00e9conomique et financi\u00e8re, ainsi que la s\u00e9curisation de l\u2019approvisionnement et de la distribution des denr\u00e9es alimentaires, des m\u00e9dicaments et de l\u2019\u00e9nergie.<\/p>\n\n\n\n<p><strong>Par Bocar SAKHO \u2013\u00a0<\/strong> <strong>bsakho@lequotidien.sn<\/strong><\/p>\n","protected":false},"excerpt":{"rendered":"<p>Apr\u00e8s la vague d\u2019arrestations des derni\u00e8res heures, la Haute cour de justice devrait suivre la marche avec la mise en<\/p>\n","protected":false},"author":1,"featured_media":55062,"comment_status":"open","ping_status":"open","sticky":false,"template":"","format":"standard","meta":{"footnotes":""},"categories":[26],"tags":[],"class_list":["post-55061","post","type-post","status-publish","format-standard","has-post-thumbnail","hentry","category-fait-divers"],"_links":{"self":[{"href":"https:\/\/dekkbi.com\/index.php?rest_route=\/wp\/v2\/posts\/55061","targetHints":{"allow":["GET"]}}],"collection":[{"href":"https:\/\/dekkbi.com\/index.php?rest_route=\/wp\/v2\/posts"}],"about":[{"href":"https:\/\/dekkbi.com\/index.php?rest_route=\/wp\/v2\/types\/post"}],"author":[{"embeddable":true,"href":"https:\/\/dekkbi.com\/index.php?rest_route=\/wp\/v2\/users\/1"}],"replies":[{"embeddable":true,"href":"https:\/\/dekkbi.com\/index.php?rest_route=%2Fwp%2Fv2%2Fcomments&post=55061"}],"version-history":[{"count":1,"href":"https:\/\/dekkbi.com\/index.php?rest_route=\/wp\/v2\/posts\/55061\/revisions"}],"predecessor-version":[{"id":55063,"href":"https:\/\/dekkbi.com\/index.php?rest_route=\/wp\/v2\/posts\/55061\/revisions\/55063"}],"wp:featuredmedia":[{"embeddable":true,"href":"https:\/\/dekkbi.com\/index.php?rest_route=\/wp\/v2\/media\/55062"}],"wp:attachment":[{"href":"https:\/\/dekkbi.com\/index.php?rest_route=%2Fwp%2Fv2%2Fmedia&parent=55061"}],"wp:term":[{"taxonomy":"category","embeddable":true,"href":"https:\/\/dekkbi.com\/index.php?rest_route=%2Fwp%2Fv2%2Fcategories&post=55061"},{"taxonomy":"post_tag","embeddable":true,"href":"https:\/\/dekkbi.com\/index.php?rest_route=%2Fwp%2Fv2%2Ftags&post=55061"}],"curies":[{"name":"wp","href":"https:\/\/api.w.org\/{rel}","templated":true}]}}