{"id":55055,"date":"2025-04-16T10:03:51","date_gmt":"2025-04-16T10:03:51","guid":{"rendered":"https:\/\/dekkbi.com\/?p=55055"},"modified":"2025-04-16T10:03:52","modified_gmt":"2025-04-16T10:03:52","slug":"kaolack-les-resultats-de-la-premiere-phase-du-projet-seen-suuf-et-les-perspectives-de-la-deuxieme-phase-presentes-aux-acteurs","status":"publish","type":"post","link":"https:\/\/dekkbi.com\/?p=55055","title":{"rendered":"Kaolack : les r\u00e9sultats de la premi\u00e8re phase du projet \u2018\u2019Seen Suuf\u2019\u2019 et les perspectives de la deuxi\u00e8me phase pr\u00e9sent\u00e9s aux acteurs"},"content":{"rendered":"\n<p>Kaolack,  (APS) \u2013 Le gouverneur de la r\u00e9gion de Kaolack (centre), Mouhamadou Moctar Watt, a pr\u00e9sid\u00e9, mardi, un atelier de pr\u00e9sentation des r\u00e9sultats de la premi\u00e8re phase du projet \u2018\u2019Seen Suuf\u2019\u2019 et la d\u00e9clinaison des objectifs de la deuxi\u00e8me financ\u00e9 par le minist\u00e8re allemand de la coop\u00e9ration \u00e9conomique et du d\u00e9veloppement (BMZ) pour l\u2019appui \u00e0 l\u2019am\u00e9lioration de la gestion fonci\u00e8re et le renforcement de la r\u00e9silience des zones rurales du S\u00e9n\u00e9gal, a constat\u00e9 l\u2019APS.<\/p>\n\n\n\n<p>Cette rencontre, qui est une r\u00e9union du comit\u00e9 de pilotage du projet \u2018\u2019Seen Suuf\u2019\u2019 vise \u00e0 permettre une meilleure visibilit\u00e9 des r\u00e9alisations dudit projet par les diff\u00e9rents acteurs concern\u00e9s, a permis de r\u00e9v\u00e9ler que sa premi\u00e8re phase a touch\u00e9 \u2018\u2019plus de 30&nbsp;000 personnes\u2019\u2019 au niveau de 17 communes des r\u00e9gions de Kaffrine et Kaolack.<\/p>\n\n\n\n<p>\u2018\u2019Dans la premi\u00e8re phase du projet, 971 personnes ont r\u00e9alis\u00e9 des activit\u00e9s de de s\u00e9curisation fonci\u00e8re, 54 groupements de femmes (3000 membres) accompagn\u00e9s pour l\u2019acc\u00e8s \u00e0 la terre et sa mise en valeur. Durant cette p\u00e9riode (2020-2024), 70% des conflits li\u00e9s au foncier ont \u00e9t\u00e9 r\u00e9solus avec succ\u00e8s\u2019\u2019, a fait savoir El Hadji Malick Dia, conseiller technique dans le projet \u2018\u2019Seen Suuf\u2019\u2019.<\/p>\n\n\n\n<p>Ce projet, dont la deuxi\u00e8me phase va co\u00fbter \u2018\u2019plus de 8,550 milliards de francs CFA\u2019\u2019, qui, au cours de la premi\u00e8re phase a aid\u00e9 \u00e0 la r\u00e9alisation de 17 plans d\u2019occupation et d\u2019am\u00e9nagement des sols, a pu permettre la cartographie de 420 mille hectares de terres, d\u2019am\u00e9liorer la s\u00e9curisation fonci\u00e8re au profit de 338&nbsp;826 personnes et de d\u00e9limiter 17 communes, a poursuivi M. Dia.<\/p>\n\n\n\n<p>Ajoutant que \u2018\u20196000 femmes\u2019\u2019 ont \u00e9t\u00e9 form\u00e9es sur les droits fonciers et les proc\u00e9dures d\u2019affectation des terres, le conseiller technique du projet \u2018\u2019Seen Suuf\u2019\u2019 \u00e0 indiqu\u00e9 que la premi\u00e8re phase a permis \u00e9galement la mise en place de 262 structures de gestion alternative des conflits li\u00e9s au foncier.<\/p>\n\n\n\n<p>\u2018\u2019La participation des femmes au niveau des comit\u00e9s de gestion des terres est pass\u00e9e \u00e0 24%\u2019\u2019, s\u2019est r\u00e9joui El Hadji Malick Dia, selon qui deux plateformes r\u00e9gionales de gouvernance fonci\u00e8re et de gestion des ressources naturelles et cinq plateformes d\u00e9partementales pour la m\u00eame mission ont \u00e9t\u00e9 install\u00e9es au niveau des r\u00e9gions de Kaffrine et Kaolack.<\/p>\n\n\n\n<p>Si le pr\u00e9sident de la Plateforme r\u00e9gionale de la gouvernance fonci\u00e8re et de gestion des ressources naturelles de Kaolack, Sidy B\u00e2, rel\u00e8ve la baisse du taux de pr\u00e9valence des conflits li\u00e9s fonciers dans sa circonscription administrative, le chef de l\u2019ex\u00e9cutif r\u00e9gional estime \u2018\u2019n\u00e9cessaire\u2019\u2019 de \u2018\u2019consolider\u2019\u2019 les acquis de la premi\u00e8re phase du projet \u2018\u2019Seen Suuf\u2019\u2019.<\/p>\n\n\n\n<p>\u2018\u2019Il s\u2019agira, pour la deuxi\u00e8me phase de consolider les acquis de la premi\u00e8re phase et, surtout, de mettre l\u2019accent sur la r\u00e9silience des communaut\u00e9s face aux effets n\u00e9fastes du changement climatique\u2019\u2019, a-t-il fait valoir, en pr\u00e9sence des maires des communes concern\u00e9es, des autorit\u00e9s administratives des zones d\u2019intervention du projet, ainsi que des diff\u00e9rentes parties prenantes.<\/p>\n\n\n\n<p>S\u2019exprimant au nom de ses pairs, Balla Sall, maire de la commune de Ndiago, l\u2019une des communes du d\u00e9partement de Guinguin\u00e9o b\u00e9n\u00e9ficiaires de ce projet, a soutenu que ce projet leur a permis d\u2019avoir une \u2018\u2019meilleure expertise\u2019\u2019 en mati\u00e8re de gestion et d\u2019am\u00e9nagement du foncier dans leurs communes respectives, leur \u00e9vitant les \u2018\u2019incoh\u00e9rences territoriales\u2019\u2019.<\/p>\n\n\n\n<p>\u2018\u2019Dans nos communes, nous assistons, de plus en plus, \u00e0 la d\u00e9gradation des terres, avec l\u2019agriculture et l\u2019\u00e9levage, des activit\u00e9s qui demandent beaucoup de ressources fonci\u00e8res\u2019\u2019, a-t-il d\u00e9plor\u00e9, pr\u00f4nant des activit\u00e9s agricoles et pastorales \u2018\u2019plus r\u00e9silientes et plus r\u00e9silientes\u2019\u2019 gr\u00e2ce au soutien de la deuxi\u00e8me phase dudit projet<\/p>\n\n\n\n<p>ADE\/<\/p>\n","protected":false},"excerpt":{"rendered":"<p>Kaolack, (APS) \u2013 Le gouverneur de la r\u00e9gion de Kaolack (centre), Mouhamadou Moctar Watt, a pr\u00e9sid\u00e9, mardi, un atelier de<\/p>\n","protected":false},"author":1,"featured_media":55056,"comment_status":"open","ping_status":"open","sticky":false,"template":"","format":"standard","meta":{"footnotes":""},"categories":[3],"tags":[],"class_list":["post-55055","post","type-post","status-publish","format-standard","has-post-thumbnail","hentry","category-event-more-news"],"_links":{"self":[{"href":"https:\/\/dekkbi.com\/index.php?rest_route=\/wp\/v2\/posts\/55055","targetHints":{"allow":["GET"]}}],"collection":[{"href":"https:\/\/dekkbi.com\/index.php?rest_route=\/wp\/v2\/posts"}],"about":[{"href":"https:\/\/dekkbi.com\/index.php?rest_route=\/wp\/v2\/types\/post"}],"author":[{"embeddable":true,"href":"https:\/\/dekkbi.com\/index.php?rest_route=\/wp\/v2\/users\/1"}],"replies":[{"embeddable":true,"href":"https:\/\/dekkbi.com\/index.php?rest_route=%2Fwp%2Fv2%2Fcomments&post=55055"}],"version-history":[{"count":1,"href":"https:\/\/dekkbi.com\/index.php?rest_route=\/wp\/v2\/posts\/55055\/revisions"}],"predecessor-version":[{"id":55057,"href":"https:\/\/dekkbi.com\/index.php?rest_route=\/wp\/v2\/posts\/55055\/revisions\/55057"}],"wp:featuredmedia":[{"embeddable":true,"href":"https:\/\/dekkbi.com\/index.php?rest_route=\/wp\/v2\/media\/55056"}],"wp:attachment":[{"href":"https:\/\/dekkbi.com\/index.php?rest_route=%2Fwp%2Fv2%2Fmedia&parent=55055"}],"wp:term":[{"taxonomy":"category","embeddable":true,"href":"https:\/\/dekkbi.com\/index.php?rest_route=%2Fwp%2Fv2%2Fcategories&post=55055"},{"taxonomy":"post_tag","embeddable":true,"href":"https:\/\/dekkbi.com\/index.php?rest_route=%2Fwp%2Fv2%2Ftags&post=55055"}],"curies":[{"name":"wp","href":"https:\/\/api.w.org\/{rel}","templated":true}]}}