{"id":55052,"date":"2025-04-16T10:00:31","date_gmt":"2025-04-16T10:00:31","guid":{"rendered":"https:\/\/dekkbi.com\/?p=55052"},"modified":"2025-04-16T10:00:31","modified_gmt":"2025-04-16T10:00:31","slug":"fonds-covid-vers-la-mise-en-accusation-de-deux-anciens-ministres-de-macky-sall","status":"publish","type":"post","link":"https:\/\/dekkbi.com\/?p=55052","title":{"rendered":"Fonds Covid : vers la mise en accusation de deux anciens ministres de Macky Sall"},"content":{"rendered":"\n<p>L\u2019affaire de la gestion des 1 000 milliards de francs CFA du Fonds Force Covid-19 entre dans une nouvelle phase d\u00e9cisive. Selon les r\u00e9v\u00e9lations du journal L\u2019Observateur, la commission des Lois de l\u2019Assembl\u00e9e nationale du S\u00e9n\u00e9gal serait sur le point d\u2019enclencher la proc\u00e9dure de mise en accusation de plusieurs anciens membres du gouvernement.<\/p>\n\n\n\n<p>Parmi les personnalit\u00e9s vis\u00e9es figurent Abdoulaye Diouf Sarr, ancien ministre de la Sant\u00e9, et Mansour Faye, ex-ministre du D\u00e9veloppement communautaire, de l\u2019\u00c9quit\u00e9 sociale et territoriale. Tous deux avaient \u00e9t\u00e9 point\u00e9s du doigt dans le rapport de la Cour des comptes publi\u00e9 en d\u00e9cembre 2022, un document particuli\u00e8rement accablant pour l\u2019ex\u00e9cutif.<\/p>\n\n\n\n<p>Ce rapport avait mis en \u00e9vidence de graves irr\u00e9gularit\u00e9s dans la gestion des fonds allou\u00e9s \u00e0 la lutte contre la pand\u00e9mie : march\u00e9s attribu\u00e9s sans appel d\u2019offres, absence de pi\u00e8ces justificatives, et flou autour de nombreuses d\u00e9penses engag\u00e9es.<\/p>\n\n\n\n<p>\u00ab La machine judiciaire est en pleine marche \u00bb, confie une source parlementaire. Si les d\u00e9marches aboutissent, l\u2019Assembl\u00e9e nationale \u2013 seule habilit\u00e9e \u00e0 autoriser la saisine de la Haute Cour de Justice \u2013 pourrait convoquer dans les jours \u00e0 venir des auditions d\u2019une ampleur in\u00e9dite.<\/p>\n\n\n\n<p>SOURCE LESOLEIL<\/p>\n","protected":false},"excerpt":{"rendered":"<p>L\u2019affaire de la gestion des 1 000 milliards de francs CFA du Fonds Force Covid-19 entre dans une nouvelle phase<\/p>\n","protected":false},"author":1,"featured_media":55053,"comment_status":"open","ping_status":"open","sticky":false,"template":"","format":"standard","meta":{"footnotes":""},"categories":[6],"tags":[],"class_list":["post-55052","post","type-post","status-publish","format-standard","has-post-thumbnail","hentry","category-politics"],"_links":{"self":[{"href":"https:\/\/dekkbi.com\/index.php?rest_route=\/wp\/v2\/posts\/55052","targetHints":{"allow":["GET"]}}],"collection":[{"href":"https:\/\/dekkbi.com\/index.php?rest_route=\/wp\/v2\/posts"}],"about":[{"href":"https:\/\/dekkbi.com\/index.php?rest_route=\/wp\/v2\/types\/post"}],"author":[{"embeddable":true,"href":"https:\/\/dekkbi.com\/index.php?rest_route=\/wp\/v2\/users\/1"}],"replies":[{"embeddable":true,"href":"https:\/\/dekkbi.com\/index.php?rest_route=%2Fwp%2Fv2%2Fcomments&post=55052"}],"version-history":[{"count":1,"href":"https:\/\/dekkbi.com\/index.php?rest_route=\/wp\/v2\/posts\/55052\/revisions"}],"predecessor-version":[{"id":55054,"href":"https:\/\/dekkbi.com\/index.php?rest_route=\/wp\/v2\/posts\/55052\/revisions\/55054"}],"wp:featuredmedia":[{"embeddable":true,"href":"https:\/\/dekkbi.com\/index.php?rest_route=\/wp\/v2\/media\/55053"}],"wp:attachment":[{"href":"https:\/\/dekkbi.com\/index.php?rest_route=%2Fwp%2Fv2%2Fmedia&parent=55052"}],"wp:term":[{"taxonomy":"category","embeddable":true,"href":"https:\/\/dekkbi.com\/index.php?rest_route=%2Fwp%2Fv2%2Fcategories&post=55052"},{"taxonomy":"post_tag","embeddable":true,"href":"https:\/\/dekkbi.com\/index.php?rest_route=%2Fwp%2Fv2%2Ftags&post=55052"}],"curies":[{"name":"wp","href":"https:\/\/api.w.org\/{rel}","templated":true}]}}