{"id":55050,"date":"2025-04-16T09:56:23","date_gmt":"2025-04-16T09:56:23","guid":{"rendered":"https:\/\/dekkbi.com\/?p=55050"},"modified":"2025-04-16T09:56:23","modified_gmt":"2025-04-16T09:56:23","slug":"fonds-covid-19-25-arrestations-ordonnees-par-le-procureur-de-la-republique","status":"publish","type":"post","link":"https:\/\/dekkbi.com\/?p=55050","title":{"rendered":"Fonds Covid-19 : 25 arrestations ordonn\u00e9es par le procureur de la R\u00e9publique"},"content":{"rendered":"\n<p><a href=\"https:\/\/lesoleil.sn\/wp-content\/uploads\/2025\/04\/Palais-justice-dakar.jpg\"><\/a>L\u2019affaire de la gestion controvers\u00e9e des Fonds Covid-19 prend une tournure judiciaire majeure. Selon les informations du journal Lib\u00e9ration, 25 personnes ont \u00e9t\u00e9 arr\u00eat\u00e9es sur ordre du procureur de la R\u00e9publique, dans le cadre de cette affaire aux multiples ramifications.<\/p>\n\n\n\n<p>Contrairement \u00e0 ce qui a circul\u00e9 sur les r\u00e9seaux sociaux, il ne s\u2019agit pas de simples convocations ou d\u2019auditions pr\u00e9liminaires. L\u2019enqu\u00eate men\u00e9e par la Division des investigations criminelles (DIC) a \u00e9t\u00e9 cl\u00f4tur\u00e9e depuis juillet 2023, ce qui signifie que les arrestations s\u2019inscrivent dans une logique de poursuites judiciaires avanc\u00e9es.<\/p>\n\n\n\n<p>Le 11 avril dernier, le parquet a \u00e9mis plusieurs ordres de conduite visant des individus impliqu\u00e9s \u00e0 divers niveaux. Parmi eux, figurent des fournisseurs, des artistes et surtout des agents de l\u2019administration publique, notamment au sein du minist\u00e8re de la Sant\u00e9.<\/p>\n\n\n\n<p>Des noms comme Mamadou S\u00e8ne, Khoudia Ndiaye, Baba Hamdy Diawara, ou encore Ousseynou Ngom \u2013 un haut responsable du minist\u00e8re de la Sant\u00e9 \u2013 ont \u00e9t\u00e9 cit\u00e9s parmi les personnes arr\u00eat\u00e9es et pr\u00e9sent\u00e9es au parquet le 15 avril. D\u2019autres directeurs d\u2019h\u00f4pitaux figurent \u00e9galement sur la liste.<\/p>\n\n\n\n<p>Une nouvelle vague d\u2019arrestations est d\u00e9j\u00e0 annonc\u00e9e, tandis que la justice semble d\u00e9termin\u00e9e \u00e0 faire toute la lumi\u00e8re sur ce scandale financier sans pr\u00e9c\u00e9dent.<\/p>\n\n\n\n<p>SOURCE LESOLEIL<\/p>\n","protected":false},"excerpt":{"rendered":"<p>L\u2019affaire de la gestion controvers\u00e9e des Fonds Covid-19 prend une tournure judiciaire majeure. Selon les informations du journal Lib\u00e9ration, 25<\/p>\n","protected":false},"author":1,"featured_media":14269,"comment_status":"open","ping_status":"open","sticky":false,"template":"","format":"standard","meta":{"footnotes":""},"categories":[21],"tags":[],"class_list":["post-55050","post","type-post","status-publish","format-standard","has-post-thumbnail","hentry","category-societe"],"_links":{"self":[{"href":"https:\/\/dekkbi.com\/index.php?rest_route=\/wp\/v2\/posts\/55050","targetHints":{"allow":["GET"]}}],"collection":[{"href":"https:\/\/dekkbi.com\/index.php?rest_route=\/wp\/v2\/posts"}],"about":[{"href":"https:\/\/dekkbi.com\/index.php?rest_route=\/wp\/v2\/types\/post"}],"author":[{"embeddable":true,"href":"https:\/\/dekkbi.com\/index.php?rest_route=\/wp\/v2\/users\/1"}],"replies":[{"embeddable":true,"href":"https:\/\/dekkbi.com\/index.php?rest_route=%2Fwp%2Fv2%2Fcomments&post=55050"}],"version-history":[{"count":1,"href":"https:\/\/dekkbi.com\/index.php?rest_route=\/wp\/v2\/posts\/55050\/revisions"}],"predecessor-version":[{"id":55051,"href":"https:\/\/dekkbi.com\/index.php?rest_route=\/wp\/v2\/posts\/55050\/revisions\/55051"}],"wp:featuredmedia":[{"embeddable":true,"href":"https:\/\/dekkbi.com\/index.php?rest_route=\/wp\/v2\/media\/14269"}],"wp:attachment":[{"href":"https:\/\/dekkbi.com\/index.php?rest_route=%2Fwp%2Fv2%2Fmedia&parent=55050"}],"wp:term":[{"taxonomy":"category","embeddable":true,"href":"https:\/\/dekkbi.com\/index.php?rest_route=%2Fwp%2Fv2%2Fcategories&post=55050"},{"taxonomy":"post_tag","embeddable":true,"href":"https:\/\/dekkbi.com\/index.php?rest_route=%2Fwp%2Fv2%2Ftags&post=55050"}],"curies":[{"name":"wp","href":"https:\/\/api.w.org\/{rel}","templated":true}]}}