{"id":55045,"date":"2025-04-16T09:50:12","date_gmt":"2025-04-16T09:50:12","guid":{"rendered":"https:\/\/dekkbi.com\/?p=55045"},"modified":"2025-04-16T09:50:12","modified_gmt":"2025-04-16T09:50:12","slug":"campagne-agricole-2025-distribution-des-intrants-a-partir-du-25-avril","status":"publish","type":"post","link":"https:\/\/dekkbi.com\/?p=55045","title":{"rendered":"Campagne agricole 2025: distribution des intrants \u00e0 partir du 25 avril"},"content":{"rendered":"\n<p>Au rang des mesures urgences, le Premier ministre a invit\u00e9 le ministre de l\u2019Agriculture \u00e0 rendre disponible et accessible le mat\u00e9riel attel\u00e9 au profit des exploitations familiales agricoles.<\/p>\n\n\n\n<p>A cet effet, il l\u2019a instruit \u00e0 mat\u00e9rialiser la phase pilote de Centre d\u2019utilisation du mat\u00e9riel agricole (Cuma) sous forme de Partenariat-public-priv\u00e9, avec la subvention des heures de services agricoles, sous le vocable \u00ab Allo Tracteur \u00bb qui concerne principalement le mat\u00e9riel lourd (tracteurs, moissonneuses batteuses, etc.), \u00e0 renforcer l\u2019acc\u00e8s aux infrastructures de stockage et aux \u00e9quipements de collecte pour chaque fili\u00e8re, afin de limiter les pertes post-r\u00e9colte. Mabouba Diagne et son coll\u00e8gue charg\u00e9 du Commerce sont invit\u00e9s \u00e0 mettre en place un cadre de concertation interminist\u00e9riel pour adresser la probl\u00e9matique des circuits de commercialisation des produits agricoles.<\/p>\n\n\n\n<p>Le projet d\u2019arr\u00eat\u00e9 conjoint devra \u00eatre transmis au Ministre, Secr\u00e9tariat g\u00e9n\u00e9ral du Gouvernement, au plus tard le 21 avril 2025, a-t-il pr\u00e9cis\u00e9. La quatorzi\u00e8me mesure vise \u00e0 d\u00e9velopper la contractualisation \u00e0 grande \u00e9chelle dans les fili\u00e8res agricoles afin de faciliter une meilleure structuration des financements en d\u00e9marrant cette initiative d\u00e8s cette ann\u00e9e avec le ma\u00efs, le ni\u00e9b\u00e9, le riz, les produits horticoles. A cet effet, il a engag\u00e9 le ministre de l\u2019Agriculture, \u00e0 acc\u00e9l\u00e9rer la mise en \u0153uvre du programme Intermaq, notamment par l\u2019identification et la pr\u00e9paration des sites n\u00e9cessaires \u00e0 l\u2019installation des magasins de stockage de produits agricoles, y compris des installations frigorifiques, afin de s\u00e9curiser la production agricole et de r\u00e9duire significativement les pertes post-r\u00e9colte.<\/p>\n\n\n\n<p>Ousmane Sonko a enfin annonc\u00e9 le d\u00e9marrage effectif de la distribution des intrants en quantit\u00e9 et en qualit\u00e9 \u00e0 partir du 25 avril 2025. A cet effet, il a invit\u00e9 le Secr\u00e9taire d\u2019Etat aux Coop\u00e9ratives et l\u2019Encadrement paysan, en relation avec le ministre de la Microfinance et de l\u2019\u00c9conomie solidaire \u00ab \u00e0 prendre les dispositions utiles pour l\u2019implication effective des coop\u00e9ratives agricoles dans la distribution des intrants agricoles subventionn\u00e9s et le d\u00e9roulement de la campagne agricole pour mutualiser avec les coop\u00e9ratives agricoles communautaires et les coop\u00e9ratives solidaires\u00bb.<\/p>\n\n\n\n<p><strong>S. Diam SY<\/strong><\/p>\n","protected":false},"excerpt":{"rendered":"<p>Au rang des mesures urgences, le Premier ministre a invit\u00e9 le ministre de l\u2019Agriculture \u00e0 rendre disponible et accessible le<\/p>\n","protected":false},"author":1,"featured_media":51065,"comment_status":"open","ping_status":"open","sticky":false,"template":"","format":"standard","meta":{"footnotes":""},"categories":[3],"tags":[],"class_list":["post-55045","post","type-post","status-publish","format-standard","has-post-thumbnail","hentry","category-event-more-news"],"_links":{"self":[{"href":"https:\/\/dekkbi.com\/index.php?rest_route=\/wp\/v2\/posts\/55045","targetHints":{"allow":["GET"]}}],"collection":[{"href":"https:\/\/dekkbi.com\/index.php?rest_route=\/wp\/v2\/posts"}],"about":[{"href":"https:\/\/dekkbi.com\/index.php?rest_route=\/wp\/v2\/types\/post"}],"author":[{"embeddable":true,"href":"https:\/\/dekkbi.com\/index.php?rest_route=\/wp\/v2\/users\/1"}],"replies":[{"embeddable":true,"href":"https:\/\/dekkbi.com\/index.php?rest_route=%2Fwp%2Fv2%2Fcomments&post=55045"}],"version-history":[{"count":1,"href":"https:\/\/dekkbi.com\/index.php?rest_route=\/wp\/v2\/posts\/55045\/revisions"}],"predecessor-version":[{"id":55046,"href":"https:\/\/dekkbi.com\/index.php?rest_route=\/wp\/v2\/posts\/55045\/revisions\/55046"}],"wp:featuredmedia":[{"embeddable":true,"href":"https:\/\/dekkbi.com\/index.php?rest_route=\/wp\/v2\/media\/51065"}],"wp:attachment":[{"href":"https:\/\/dekkbi.com\/index.php?rest_route=%2Fwp%2Fv2%2Fmedia&parent=55045"}],"wp:term":[{"taxonomy":"category","embeddable":true,"href":"https:\/\/dekkbi.com\/index.php?rest_route=%2Fwp%2Fv2%2Fcategories&post=55045"},{"taxonomy":"post_tag","embeddable":true,"href":"https:\/\/dekkbi.com\/index.php?rest_route=%2Fwp%2Fv2%2Ftags&post=55045"}],"curies":[{"name":"wp","href":"https:\/\/api.w.org\/{rel}","templated":true}]}}