{"id":55037,"date":"2025-04-16T09:43:01","date_gmt":"2025-04-16T09:43:01","guid":{"rendered":"https:\/\/dekkbi.com\/?p=55037"},"modified":"2025-04-16T11:17:08","modified_gmt":"2025-04-16T11:17:08","slug":"ousmane-sonko-faire-de-lagriculture-le-moteur-du-developpement-de-notre-pays","status":"publish","type":"post","link":"https:\/\/dekkbi.com\/?p=55037","title":{"rendered":"Ousmane Sonko: \u00abFaire de l\u2019agriculture le moteur du d\u00e9veloppement de notre pays\u00bb"},"content":{"rendered":"\n<p><strong>Le Premier ministre a indiqu\u00e9 que la vision souverainiste, c\u2019est la substitution des importations par une production agricole record. Ousmane Sonko qui pr\u00e9sidait, hier, le conseil interminist\u00e9riel sur la pr\u00e9paration de la campagne agricole 2025, a r\u00e9affirm\u00e9 la vision des pouvoirs publics pour \u00ab faire de l\u2019agriculture le moteur du d\u00e9veloppement de notre pays \u00bb.<\/strong><\/p>\n\n\n\n<p>\u00abLe S\u00e9n\u00e9gal a pris un nouveau d\u00e9part dans sa politique agricole\u00bb. C\u2019est la conviction du Premier ministre, Ousmane Sonko, qui pr\u00e9sidait, hier, le conseil interminist\u00e9riel sur la pr\u00e9paration de la campagne agricole 2025. Pour r\u00e9ussir ce pari, il est d\u2019avis que \u00abtout le monde doit serrer la ceinture\u00bb. De ce fait, dit-il, le secteur va nous valoir beaucoup de satisfactions d\u2019ici les prochaines ann\u00e9es\u00bb. \u00abL\u2019agriculture deviendra ainsi le moteur incontournable du d\u00e9veloppement de notre pays\u00bb, a soulign\u00e9 M. Sonko, r\u00e9affirmant la \u00abvision souverainiste\u00bb de l\u2019Etat du S\u00e9n\u00e9gal en mati\u00e8re agricole et dans tous les secteurs de la vie \u00e9conomique notamment en mati\u00e8re de production mini\u00e8re, halieutique, etc. Pour lui, se conformant aux politiques publiques, celle-ci vise la \u00ab substitution aux importations \u00bb. Du coup, aux yeux du Premier ministre, il va falloir \u00ab changer de paradigme \u00bb en cultivant ce que nous consommons. Pour la mise en \u0153uvre de cette vision, la campagne agricole 2024 \u00e9tait l\u2019ann\u00e9e de r\u00e9f\u00e9rence avec des \u00ab r\u00e9sultats satisfaisants \u00bb.<\/p>\n\n\n\n<figure class=\"wp-block-image size-full\"><img loading=\"lazy\" decoding=\"async\" width=\"690\" height=\"587\" src=\"https:\/\/dekkbi.com\/wp-content\/uploads\/2025\/04\/Agriculture_Conseil.jpg\" alt=\"\" class=\"wp-image-55112\" srcset=\"https:\/\/dekkbi.com\/wp-content\/uploads\/2025\/04\/Agriculture_Conseil.jpg 690w, https:\/\/dekkbi.com\/wp-content\/uploads\/2025\/04\/Agriculture_Conseil-300x255.jpg 300w\" sizes=\"auto, (max-width: 690px) 100vw, 690px\" \/><\/figure>\n\n\n\n<p>Concernant la campagne de commercialisation de l\u2019arachide, M. Sonko a rappel\u00e9 que les pouvoirs publics avaient d\u00e9cid\u00e9 de fermer le march\u00e9 de l\u2019exportation. \u00abC\u2019est une option courageuse. Alors que dans le pass\u00e9, on l\u2019ouvrait aux capitaux \u00e9trangers \u00bb, a-t-il dit, convaincu que cette option permettra de cr\u00e9er de la valeur ajout\u00e9e dans le pays \u00e0 travers la transformation des produits agricoles. Il s\u2019agit d\u2019un \u00ab pari \u00bb, d\u2019un \u00ab gain \u00e0 minima \u00bb et \u00ab d\u2019une vision lointaine \u00bb, d\u2019apr\u00e8s lui, magnifiant \u00ab l\u2019exploit \u00bb r\u00e9alis\u00e9 par le gouvernement en apurant certaines dettes. A ce propos, le Secr\u00e9taire g\u00e9n\u00e9ral du ministre des Finances et du Budget, Abdoulaye Samb, a pr\u00e9cis\u00e9 que 135,5 milliards de FCfa ont \u00e9t\u00e9 inject\u00e9s dans le secteur agricole entre avril et d\u00e9cembre 2024.<\/p>\n\n\n\n<p>Ce qui a permis, dit-il, de \u00ab r\u00e9sorber \u00bb beaucoup de dettes. Dans le m\u00eame sillage, il a annonc\u00e9 que 1.220 milliards de FCfa ont \u00e9t\u00e9 inject\u00e9s dans les secteurs agricole, de l\u2019\u00e9nergie et des Btp. Le Premier ministre a ainsi soulign\u00e9 que cette phase transitoire ne sera pas facile et qu\u2019une fois qu\u2019elle sera d\u00e9pass\u00e9e, \u00able S\u00e9n\u00e9gal sera sur une belle trajectoire avec des perspectives porteuses de progr\u00e8s\u00bb. Toutefois, il a demand\u00e9 au ministre de l\u2019Agriculture de r\u00e9gler d\u00e9finitivement le probl\u00e8me de stockage pour \u00e9viter que la production notamment les produits horticoles pourrissent. M. Sonko a \u00e9galement insist\u00e9 sur l\u2019int\u00e9r\u00eat de la transformation des produits agricoles avec des m\u00e9canismes adapt\u00e9s dans la mise en \u0153uvre de cette vision souverainiste. Il a enfin encourag\u00e9 tous les acteurs \u00ab \u00e0 pers\u00e9v\u00e9rer pour une agriculture souveraine et prosp\u00e8re \u00bb.<\/p>\n\n\n\n<p><strong>Miser sur la recherche&nbsp;<\/strong><\/p>\n\n\n\n<p>Le Chef du gouvernement a r\u00e9it\u00e9r\u00e9 que l\u2019agriculture fait partie des priorit\u00e9s. Pour r\u00e9ussir ce pari, Ousmane Sonko souligne qu\u2019on doit miser sur la recherche pour optimiser la productivit\u00e9. \u00ab La recherche est importante pour relever le d\u00e9fi de la souverainet\u00e9 alimentaire. Il faut qu\u2019elle soit au c\u0153ur de nos actions \u00bb, a-t-il affirm\u00e9. Pour promouvoir la recherche, l\u2019innovation et adapter les cultures aux d\u00e9fis des changements climatiques, le Premier ministre a engag\u00e9 le ministre de l\u2019Agriculture, \u00ab \u00e0 promouvoir une agriculture durable, en veillant, entre autres, \u00e0 la vulgarisation des vari\u00e9t\u00e9s agricoles r\u00e9silientes aux al\u00e9as climatiques, acc\u00e9l\u00e9rer la diffusion et l\u2019adoption des innovations issues de la recherche agricole \u00bb. Relevant la probl\u00e9matique des rendements dans certaines parties du pays, il a inform\u00e9 avoir instruit le ministre de l\u2019Agriculture, de la Souverainet\u00e9 alimentaire et de l\u2019Elevage de mener des recherches pour en conna\u00eetre les causes.<\/p>\n\n\n\n<p><strong>Recrutement de 1000 jeunes volontaires&nbsp;<\/strong><\/p>\n\n\n\n<p>Le Premier ministre a engag\u00e9 le ministre de l\u2019Agriculture \u00e0 mettre en place un \u00abdispositif innovant d\u2019animation rurale et de suivi participatif\u00bb de la campagne agricole 2025\/2026. D\u2019apr\u00e8s Ousmane Sonko, celui-ci repose sur le recrutement de 1.000 jeunes volontaires issus des communes rurales, sous l\u2019encadrement technique de l\u2019Ancar, \u00ab pour appuyer l\u2019enr\u00f4lement digital des producteurs, participer \u00e0 la r\u00e9ception et \u00e0 la cession des intrants subventionn\u00e9s, et vulgariser les bonnes pratiques agricoles \u00bb, en relation avec la Direction g\u00e9n\u00e9rale du Service civique national et du Volontariat. Le chef du Gouvernement a \u00e9galement demand\u00e9 au Directeur g\u00e9n\u00e9ral du Service civique national et du volontariat, en relation avec le minist\u00e8re de la Jeunesse, des Sports et de la Culture, et le minist\u00e8re de l\u2019Agriculture, de la Souverainet\u00e9 alimentaire et de l\u2019\u00c9levage, de mettre en place le comit\u00e9 technique interminist\u00e9riel relatif aux Vacances agricoles citoyennes, avant le 25 mai 2025, afin de proc\u00e9der au ciblage des b\u00e9n\u00e9ficiaires et d\u2019\u00e9largir les sites pour les fermes de grandes capacit\u00e9s d\u2019accueil et les bassins de production avec l\u2019implication des Agri Jambars, des Associations sportives et culturelles et prendre les dispositions n\u00e9cessaires pour un bon d\u00e9roulement des vacances agricoles.<\/p>\n\n\n\n<p><strong>Souleymane Diam SY<\/strong><br>LESOLEIL<\/p>\n","protected":false},"excerpt":{"rendered":"<p>Le Premier ministre a indiqu\u00e9 que la vision souverainiste, c\u2019est la substitution des importations par une production agricole record. Ousmane<\/p>\n","protected":false},"author":1,"featured_media":55038,"comment_status":"open","ping_status":"open","sticky":false,"template":"","format":"standard","meta":{"footnotes":""},"categories":[6],"tags":[],"class_list":["post-55037","post","type-post","status-publish","format-standard","has-post-thumbnail","hentry","category-politics"],"_links":{"self":[{"href":"https:\/\/dekkbi.com\/index.php?rest_route=\/wp\/v2\/posts\/55037","targetHints":{"allow":["GET"]}}],"collection":[{"href":"https:\/\/dekkbi.com\/index.php?rest_route=\/wp\/v2\/posts"}],"about":[{"href":"https:\/\/dekkbi.com\/index.php?rest_route=\/wp\/v2\/types\/post"}],"author":[{"embeddable":true,"href":"https:\/\/dekkbi.com\/index.php?rest_route=\/wp\/v2\/users\/1"}],"replies":[{"embeddable":true,"href":"https:\/\/dekkbi.com\/index.php?rest_route=%2Fwp%2Fv2%2Fcomments&post=55037"}],"version-history":[{"count":2,"href":"https:\/\/dekkbi.com\/index.php?rest_route=\/wp\/v2\/posts\/55037\/revisions"}],"predecessor-version":[{"id":55113,"href":"https:\/\/dekkbi.com\/index.php?rest_route=\/wp\/v2\/posts\/55037\/revisions\/55113"}],"wp:featuredmedia":[{"embeddable":true,"href":"https:\/\/dekkbi.com\/index.php?rest_route=\/wp\/v2\/media\/55038"}],"wp:attachment":[{"href":"https:\/\/dekkbi.com\/index.php?rest_route=%2Fwp%2Fv2%2Fmedia&parent=55037"}],"wp:term":[{"taxonomy":"category","embeddable":true,"href":"https:\/\/dekkbi.com\/index.php?rest_route=%2Fwp%2Fv2%2Fcategories&post=55037"},{"taxonomy":"post_tag","embeddable":true,"href":"https:\/\/dekkbi.com\/index.php?rest_route=%2Fwp%2Fv2%2Ftags&post=55037"}],"curies":[{"name":"wp","href":"https:\/\/api.w.org\/{rel}","templated":true}]}}