{"id":55005,"date":"2025-04-15T12:18:09","date_gmt":"2025-04-15T12:18:09","guid":{"rendered":"https:\/\/dekkbi.com\/?p=55005"},"modified":"2025-04-15T12:18:10","modified_gmt":"2025-04-15T12:18:10","slug":"madagascar-le-sauvetage-de-ressortissants-pieges-au-cameroun-relance-le-debat-sur-les-risques-de-traite-a-letranger","status":"publish","type":"post","link":"https:\/\/dekkbi.com\/?p=55005","title":{"rendered":"Madagascar: le sauvetage de ressortissants pi\u00e9g\u00e9s au Cameroun relance le d\u00e9bat sur les risques de traite \u00e0 l\u2019\u00e9tranger"},"content":{"rendered":"\n<p>Neuf Malgaches et six Congolais de RDC retrouv\u00e9s \u00e0 Yaound\u00e9 au Cameroun, dans un r\u00e9seau de traite d\u2019\u00eatres humains, attendent d\u2019\u00eatre rapatri\u00e9s vers leurs pays d\u2019origine. Le 19 mars, une op\u00e9ration de la gendarmerie nationale camerounaise a permis de lib\u00e9rer les victimes, attir\u00e9es par de fausses offres d\u2019emplois en ligne. \u00c0 Madagascar, cette derni\u00e8re affaire rappelle d\u2019autres cas d\u2019exploitation de travailleurs malgaches \u00e0 l\u2019\u00e9tranger qui avaient secou\u00e9 l\u2019opinion publique par le pass\u00e9. Elle r\u00e9v\u00e8le aussi que le ph\u00e9nom\u00e8ne du recrutement clandestin se poursuit, alors que l\u2019\u00eele s\u2019enlise dans une crise \u00e9conomique.<\/p>\n\n\n\n<p><strong>Par :Pauline Le Troquier  &#8212;<em> correspondante  RFI \u00e0 Antananarivo,<\/em><\/strong><\/p>\n\n\n\n<p>Le voisinage ignorait tout du calvaire organis\u00e9 \u00e0 huis clos dans cette maison du quartier Nkomo \u00e0 Yaound\u00e9. \u00c0 l\u2019int\u00e9rieur du domicile prot\u00e9g\u00e9 par un mur en parpaings, sept Malgaches et six Congolais \u00e9taient retenus captifs, sous-aliment\u00e9s et forc\u00e9s de soutirer de l\u2019argent \u00e0 leur famille \u00e0 distance. \u00c0 quelques pas, le m\u00eame sort \u00e9tait r\u00e9serv\u00e9 \u00e0 deux autres Malgaches retrouv\u00e9s dans un motel du quartier.<\/p>\n\n\n\n<p>En octobre 2024, une premi\u00e8re victime foule le sol camerounais. Une fois son passeport confisqu\u00e9, elle est charg\u00e9e d\u2019entra\u00eener d\u2019autres proies dans le r\u00e9seau tenu par ses ravisseurs. Les autres suivront au fil des semaines, tous motiv\u00e9s par la promesse d\u2019un salaire attractif au sein de \u00ab<em>&nbsp;grandes structures hospitali\u00e8res et industrielles&nbsp;<\/em>\u00bb de Yaound\u00e9, d\u00e9taille le lieutenant-colonel George Parfait Nana, chef du commandement op\u00e9rationnel \u00e0 la gendarmerie nationale camerounaise.<\/p>\n\n\n\n<h2 class=\"wp-block-heading\">\u00ab&nbsp;<em>Personne ne s\u2019y attendait<\/em>&nbsp;\u00bb<\/h2>\n\n\n\n<p>Au bout de plusieurs semaines de s\u00e9questration, l\u2019une des ressortissantes malgaches parvient finalement \u00e0 joindre une proche \u00e0\u00a0<strong>Madagascar<\/strong>. Cette derni\u00e8re s\u2019empresse d\u2019alerter le minist\u00e8re camerounais charg\u00e9 des Relations ext\u00e9rieures. Le 19 mars, les victimes sont lib\u00e9r\u00e9es. L&rsquo;op\u00e9ration men\u00e9e par la gendarmerie nationale permet d\u2019\u00e9viter un autre drame. Au m\u00eame moment, six autres Malgaches s\u2019appr\u00eatent en effet \u00e0 embarquer vers le Cameroun par un vol de la compagnie Ethiopian Airlines, pi\u00e9g\u00e9s, eux aussi, par ces offres d\u2019emploi fictives publi\u00e9es en ligne.<\/p>\n\n\n\n<p>Depuis l\u2019ouverture d\u2019une enqu\u00eate par la gendarmerie nationale \u00e0 Yaound\u00e9, trois suspects camerounais ont \u00e9t\u00e9 interpell\u00e9s puis d\u00e9f\u00e9r\u00e9s en justice. En attendant de regagner leurs pays respectifs, les 15 victimes \u00ab&nbsp;<em>se trouvent en lieu s\u00fbr et se portent bien&nbsp;<\/em>\u00bb, assure l\u2019institution.<\/p>\n\n\n\n<h2 class=\"wp-block-heading\">Un engouement croissant sur l\u2019\u00eele pour les d\u00e9parts \u00e0 l\u2019\u00e9tranger<\/h2>\n\n\n\n<p>\u00c0 Madagascar, l\u2019affaire \u00e9tonne autant qu\u2019elle rappelle de douloureux \u00e9pisodes. Le Cameroun \u00e9tait jusqu\u2019alors absent de la carte des pays connus pour la traite de ressortissants malgaches. \u00ab<em>&nbsp;On a \u00e9t\u00e9 tr\u00e8s \u00e9tonn\u00e9, personne ne s\u2019y attendait&nbsp;<\/em>\u00bb<em>,<\/em>&nbsp;confie une source au minist\u00e8re malgache du Travail. Par le pass\u00e9, plusieurs cas similaires ont d\u00e9j\u00e0 \u00e9t\u00e9 identifi\u00e9s, principalement concentr\u00e9s vers les \u00c9tats du Moyen-Orient.<\/p>\n\n\n\n<p>Dans les ann\u00e9es 2010, une s\u00e9rie d\u2019affaires de domestiques malgaches prises au pi\u00e8ge de r\u00e9seaux de traite dans cette r\u00e9gion arabo-persique avait pouss\u00e9 le r\u00e9gime de l\u2019\u00e9poque \u00e0 s\u00e9vir. En 2013, Antananarivo avait ainsi suspendu l\u2019envoi de travailleurs vers les \u00c9tats dits \u00ab&nbsp;\u00e0 haut risque&nbsp;\u00bb.<\/p>\n\n\n\n<p>La mesure, encore en vigueur \u00e0 ce jour, vise en particulier le Liban et l\u2019Arabie Saoudite, deux pays pris\u00e9s par les domestiques malgaches, o\u00f9 nombre d\u2019entre elles ont \u00e9t\u00e9 r\u00e9duites en esclavage. Plusieurs ont fini par mourir d\u2019\u00e9puisement. Deux ans plus tard, en 2015, face \u00e0 des abus r\u00e9p\u00e9t\u00e9s envers leurs ressortissants, les autorit\u00e9s vont plus loin en interdisant toute activit\u00e9 des agences de recrutement et de placement de travailleurs malgaches \u00e0 l\u2019ext\u00e9rieur.<\/p>\n\n\n\n<h2 class=\"wp-block-heading\">Rouvrir les agences de recrutement \u00e0 Madagascar<\/h2>\n\n\n\n<p>Mais sur l\u2019\u00eele, o\u00f9 la situation socio-\u00e9conomique empire \u00e0 mesure que le co\u00fbt de la vie augmente et que l\u2019emploi se rar\u00e9fie, l\u2019engouement pour les d\u00e9parts \u00e0 l\u2019\u00e9tranger n&rsquo;a cess\u00e9 de cro\u00eetre ces derni\u00e8res ann\u00e9es. La tendance se mesure d\u2019abord \u00e0 la lumi\u00e8re des d\u00e9parts l\u00e9gaux. En 2024, le minist\u00e8re du Travail a v\u00e9rifi\u00e9 4 630 contrats de ressortissants malgaches en partance pour l\u2019\u00e9tranger contre seulement 260 en 2019.<\/p>\n\n\n\n<p>En pratique, aujourd\u2019hui, une large partie de d\u00e9parts \u00e9chappe encore aux radars des autorit\u00e9s, permis par des r\u00e9seaux clandestins organis\u00e9s. Alors que les mesures de restriction adopt\u00e9es par le r\u00e9gime dix ans plus t\u00f4t ont eu pour effet de renforcer ces migrations irr\u00e9guli\u00e8res et la vuln\u00e9rabilit\u00e9 des travailleurs, plusieurs voix estiment que celles-ci n\u2019ont plus lieu d\u2019\u00eatre.<\/p>\n\n\n\n<p>\u00ab<em>&nbsp;Dans le contexte actuel, on ne pourra pas emp\u00eacher les Malgaches, qui s\u2019imaginent qu\u2019une vie ailleurs sera toujours mieux que la leur, de vouloir s\u2019expatrier&nbsp;<\/em>\u00bb<em>,<\/em>&nbsp;assure l\u2019avocate Maria Raharinarivonirina, qui d\u00e9fend un accompagnement n\u00e9cessaire de l\u2019\u00e9migration par la voie l\u00e9gale.&nbsp;<\/p>\n\n\n\n<p>\u00ab<em>&nbsp;Le minist\u00e8re du Travail devrait s&rsquo;atteler rapidement \u00e0 la mise en place d&rsquo;un m\u00e9canisme de protection et accorder de nouveau les agr\u00e9ments qui permettront aux agences de recrutement d\u2019exercer sur le sol malgache&nbsp;<\/em>\u00bb<em>,&nbsp;<\/em>poursuit la pr\u00e9sidente de l\u2019association ACAT, engag\u00e9e contre les traitements inhumains et d\u00e9gradants des personnes sur l\u2019\u00eele.<\/p>\n\n\n\n<h2 class=\"wp-block-heading\">Un retour pr\u00e9vu dans les \u00ab&nbsp;<em>meilleurs d\u00e9lais<\/em>&nbsp;\u00bb<\/h2>\n\n\n\n<p>Les acteurs impliqu\u00e9s dans la lutte contre la traite \u00e0 Madagascar mettent \u00e9galement l\u2019accent sur l\u2019importance de la sensibilisation contre le recrutement clandestin. Sur le r\u00e9seau social Facebook, des offres d\u2019emploi opaques \u00e0 l\u2019\u00e9tranger inondent le fil d\u2019actualit\u00e9. Aux yeux de tous, derri\u00e8re ces publications, des recruteurs peu scrupuleux laissent miroiter une vie plus d\u00e9cente \u00e0 des travailleurs mal inform\u00e9s.<\/p>\n\n\n\n<p>Apr\u00e8s cette derni\u00e8re affaire, le minist\u00e8re malgache des Affaires \u00e9trang\u00e8res s\u2019est livr\u00e9 \u00e0 une r\u00e9action succincte. Dans un communiqu\u00e9 publi\u00e9 le 24 mars, il a appel\u00e9 la population malagasy \u00ab&nbsp;<em>\u00e0 la plus grande vigilance<\/em>&nbsp;\u00bb face aux offres d\u2019emploi \u00e0 l\u2019\u00e9tranger. Sollicit\u00e9 par RFI, le minist\u00e8re ajoute \u00eatre pleinement mobilis\u00e9 pour le retour de ses ressortissants \u00ab&nbsp;<em>dans les meilleurs d\u00e9lais<\/em>&nbsp;\u00bb.<\/p>\n","protected":false},"excerpt":{"rendered":"<p>Neuf Malgaches et six Congolais de RDC retrouv\u00e9s \u00e0 Yaound\u00e9 au Cameroun, dans un r\u00e9seau de traite d\u2019\u00eatres humains, attendent<\/p>\n","protected":false},"author":1,"featured_media":55006,"comment_status":"open","ping_status":"open","sticky":false,"template":"","format":"standard","meta":{"footnotes":""},"categories":[51],"tags":[],"class_list":["post-55005","post","type-post","status-publish","format-standard","has-post-thumbnail","hentry","category-general"],"_links":{"self":[{"href":"https:\/\/dekkbi.com\/index.php?rest_route=\/wp\/v2\/posts\/55005","targetHints":{"allow":["GET"]}}],"collection":[{"href":"https:\/\/dekkbi.com\/index.php?rest_route=\/wp\/v2\/posts"}],"about":[{"href":"https:\/\/dekkbi.com\/index.php?rest_route=\/wp\/v2\/types\/post"}],"author":[{"embeddable":true,"href":"https:\/\/dekkbi.com\/index.php?rest_route=\/wp\/v2\/users\/1"}],"replies":[{"embeddable":true,"href":"https:\/\/dekkbi.com\/index.php?rest_route=%2Fwp%2Fv2%2Fcomments&post=55005"}],"version-history":[{"count":1,"href":"https:\/\/dekkbi.com\/index.php?rest_route=\/wp\/v2\/posts\/55005\/revisions"}],"predecessor-version":[{"id":55007,"href":"https:\/\/dekkbi.com\/index.php?rest_route=\/wp\/v2\/posts\/55005\/revisions\/55007"}],"wp:featuredmedia":[{"embeddable":true,"href":"https:\/\/dekkbi.com\/index.php?rest_route=\/wp\/v2\/media\/55006"}],"wp:attachment":[{"href":"https:\/\/dekkbi.com\/index.php?rest_route=%2Fwp%2Fv2%2Fmedia&parent=55005"}],"wp:term":[{"taxonomy":"category","embeddable":true,"href":"https:\/\/dekkbi.com\/index.php?rest_route=%2Fwp%2Fv2%2Fcategories&post=55005"},{"taxonomy":"post_tag","embeddable":true,"href":"https:\/\/dekkbi.com\/index.php?rest_route=%2Fwp%2Fv2%2Ftags&post=55005"}],"curies":[{"name":"wp","href":"https:\/\/api.w.org\/{rel}","templated":true}]}}