{"id":54997,"date":"2025-04-15T12:04:57","date_gmt":"2025-04-15T12:04:57","guid":{"rendered":"https:\/\/dekkbi.com\/?p=54997"},"modified":"2025-04-15T12:04:58","modified_gmt":"2025-04-15T12:04:58","slug":"guinee-lex-capitaine-moussa-dadis-camara-quitte-discretement-conakry","status":"publish","type":"post","link":"https:\/\/dekkbi.com\/?p=54997","title":{"rendered":"Guin\u00e9e: l\u2019ex-capitaine Moussa Dadis Camara quitte discr\u00e8tement Conakry"},"content":{"rendered":"\n<p><a href=\"https:\/\/lesoleil.sn\/wp-content\/uploads\/2025\/04\/jad20211229-tribune-guinee-moussadadiscamara-1256x628-1643213459.avif\"><\/a><em><strong>Moussa Dadis Camara, r\u00e9cemment graci\u00e9, a quitt\u00e9 discr\u00e8tement la Guin\u00e9e dimanche, \u00e0 bord d\u2019un avion de la compagnie Royal Air Maroc, selon plusieurs sources concordantes.<\/strong><\/em><\/p>\n\n\n\n<p>Aucune communication officielle n\u2019a \u00e9t\u00e9 faite \u00e0 ce sujet, mais tout indique qu\u2019il s\u2019agit d\u2019un s\u00e9jour m\u00e9dical \u00e0 l\u2019\u00e9tranger. Condamn\u00e9 \u00e0 20 ans de prison pour son r\u00f4le dans les \u00e9v\u00e9nements sanglants du 28 septembre 2009 au stade de Conakry, l\u2019ex-capitaine Moussa Dadis Camara a b\u00e9n\u00e9fici\u00e9 d\u2019une gr\u00e2ce pr\u00e9sidentielle pour raisons de sant\u00e9, annonc\u00e9e le 28 mars dernier. Une d\u00e9cision qui continue de diviser l\u2019opinion publique en Guin\u00e9e.<\/p>\n\n\n\n<p>Alors que certains saluent ce geste humanitaire, d\u2019autres, en particulier les victimes du massacre, expriment leur inqui\u00e9tude pour l\u2019avenir du proc\u00e8s en cours. L\u2019ONG Pottal Fii Bhantal Fouta Djallon a vivement d\u00e9nonc\u00e9 cette mesure, estimant qu\u2019elle constitue une entrave \u00e0 la justice.<\/p>\n\n\n\n<p>L\u2019organisation appelle m\u00eame la Cour p\u00e9nale internationale \u00e0 se saisir de l\u2019affaire. Pour rappel, lors de la manifestation du 28 septembre 2009 contre la candidature de Moussa Dadis Camara \u00e0 la pr\u00e9sidence. Au moins 150 personnes avaient \u00e9t\u00e9 tu\u00e9es et des centaines de femmes viol\u00e9es par les forces de s\u00e9curit\u00e9 dans l\u2019enceinte du stade.<\/p>\n\n\n\n<p>LESOLEIL<\/p>\n","protected":false},"excerpt":{"rendered":"<p>Moussa Dadis Camara, r\u00e9cemment graci\u00e9, a quitt\u00e9 discr\u00e8tement la Guin\u00e9e dimanche, \u00e0 bord d\u2019un avion de la compagnie Royal Air<\/p>\n","protected":false},"author":1,"featured_media":39443,"comment_status":"open","ping_status":"open","sticky":false,"template":"","format":"standard","meta":{"footnotes":""},"categories":[26],"tags":[],"class_list":["post-54997","post","type-post","status-publish","format-standard","has-post-thumbnail","hentry","category-fait-divers"],"_links":{"self":[{"href":"https:\/\/dekkbi.com\/index.php?rest_route=\/wp\/v2\/posts\/54997","targetHints":{"allow":["GET"]}}],"collection":[{"href":"https:\/\/dekkbi.com\/index.php?rest_route=\/wp\/v2\/posts"}],"about":[{"href":"https:\/\/dekkbi.com\/index.php?rest_route=\/wp\/v2\/types\/post"}],"author":[{"embeddable":true,"href":"https:\/\/dekkbi.com\/index.php?rest_route=\/wp\/v2\/users\/1"}],"replies":[{"embeddable":true,"href":"https:\/\/dekkbi.com\/index.php?rest_route=%2Fwp%2Fv2%2Fcomments&post=54997"}],"version-history":[{"count":1,"href":"https:\/\/dekkbi.com\/index.php?rest_route=\/wp\/v2\/posts\/54997\/revisions"}],"predecessor-version":[{"id":54998,"href":"https:\/\/dekkbi.com\/index.php?rest_route=\/wp\/v2\/posts\/54997\/revisions\/54998"}],"wp:featuredmedia":[{"embeddable":true,"href":"https:\/\/dekkbi.com\/index.php?rest_route=\/wp\/v2\/media\/39443"}],"wp:attachment":[{"href":"https:\/\/dekkbi.com\/index.php?rest_route=%2Fwp%2Fv2%2Fmedia&parent=54997"}],"wp:term":[{"taxonomy":"category","embeddable":true,"href":"https:\/\/dekkbi.com\/index.php?rest_route=%2Fwp%2Fv2%2Fcategories&post=54997"},{"taxonomy":"post_tag","embeddable":true,"href":"https:\/\/dekkbi.com\/index.php?rest_route=%2Fwp%2Fv2%2Ftags&post=54997"}],"curies":[{"name":"wp","href":"https:\/\/api.w.org\/{rel}","templated":true}]}}