{"id":54994,"date":"2025-04-15T11:59:31","date_gmt":"2025-04-15T11:59:31","guid":{"rendered":"https:\/\/dekkbi.com\/?p=54994"},"modified":"2025-04-15T12:00:42","modified_gmt":"2025-04-15T12:00:42","slug":"reformer-lofnac-un-cap-assume-par-le-gouvernement-sonko","status":"publish","type":"post","link":"https:\/\/dekkbi.com\/?p=54994","title":{"rendered":"R\u00e9former l\u2019OFNAC : un cap assum\u00e9 par le gouvernement Sonko"},"content":{"rendered":"\n<p><a href=\"https:\/\/lesoleil.sn\/wp-content\/uploads\/2025\/04\/Serigne-Bassirou-Gueye-min.jpg\"><\/a>Devant les d\u00e9put\u00e9s r\u00e9unis \u00e0 l\u2019Assembl\u00e9e nationale ce lundi 14 avril 2025, le Premier ministre Ousmane Sonko a annonc\u00e9 l\u2019arriv\u00e9e prochaine de plusieurs projets de loi majeurs, parmi lesquels figure une r\u00e9forme attendue de l\u2019Office national de lutte contre la fraude et la corruption (OFNAC).<\/p>\n\n\n\n<p>Cette initiative, selon le chef du gouvernement, s\u2019inscrit dans une volont\u00e9 de rompre avec les pratiques du pass\u00e9 et d\u2019ancrer une nouvelle culture politique, fond\u00e9e sur la transparence et la reddition des comptes.<\/p>\n\n\n\n<p>\u00ab Nous allons soumettre dans les prochains jours un certain nombre de projets de loi tels que le projet de loi pour r\u00e9former l\u2019OFNAC, les lanceurs d\u2019alerte, l\u2019acc\u00e8s \u00e0 l\u2019information entre autres \u00bb, a-t-il d\u00e9clar\u00e9 lors de la s\u00e9ance de questions d\u2019actualit\u00e9 au gouvernement.<\/p>\n\n\n\n<p><strong>Vers une refondation de l\u2019OFNAC ?<\/strong><\/p>\n\n\n\n<p>Parmi les voix qui soutiennent cette r\u00e9forme figure celle de Waly Diouf Bodian, directeur du Port autonome de Dakar et cadre du parti Pastef. Lors d\u2019une r\u00e9cente intervention m\u00e9diatique \u00e0 Keur Massar, il a appel\u00e9 \u00e0 une refonte en profondeur de l\u2019OFNAC, qu\u2019il estime affaibli par la loi n\u00b02024-06 du 9 f\u00e9vrier 2024.<\/p>\n\n\n\n<p>Selon lui, cette disposition l\u00e9gale \u00ab a vid\u00e9 l\u2019institution de sa substance \u00bb, en la rendant, dit-il, peu \u00e0 m\u00eame de s\u2019attaquer efficacement \u00e0 la corruption, en particulier celle li\u00e9e \u00e0 l\u2019enrichissement illicite. \u00ab Si on modifie cette loi, le pays changera imm\u00e9diatement. Plus besoin d\u2019enqu\u00eates complexes : on observe simplement la fortune des personnes concern\u00e9es. Si un salari\u00e9 devient milliardaire, on l\u2019emprisonne. C\u2019est aussi simple que cela \u00bb, a-t-il estim\u00e9.<\/p>\n\n\n\n<p>Waly Diouf Bodian estime que la majorit\u00e9 parlementaire actuelle offre une opportunit\u00e9 politique d\u2019agir.\u00ab &nbsp;Nous avons une majorit\u00e9 confortable \u00e0 l\u2019Assembl\u00e9e nationale. Nous pouvons abroger cette loi, r\u00e9organiser l\u2019OFNAC et y nommer une direction capable de relancer les dossiers en suspens. \u00c0 d\u00e9faut, il faudrait envisager de transf\u00e9rer ces comp\u00e9tences au parquet financier \u00bb, a-t-il sugg\u00e9r\u00e9.<\/p>\n\n\n\n<p>S\u2019il affirme son soutien au programme de r\u00e9formes, Waly Diouf Bodian a \u00e9galement exprim\u00e9 des r\u00e9serves sur la capacit\u00e9 de l\u2019OFNAC actuel \u00e0 aller au bout de ses missions. Il dit douter de l\u2019engagement de son pr\u00e9sident, Serigne Bassirou Gu\u00e8ye, \u00e0 initier des poursuites contre certaines figures de l\u2019ancien r\u00e9gime, \u00e9voquant ainsi le risque d\u2019un statu quo institutionnel.<\/p>\n\n\n\n<p>Par ailleurs, des textes relatifs \u00e0 la protection des lanceurs d\u2019alerte ainsi qu\u2019\u00e0 l\u2019\u00e9largissement du champ de la d\u00e9claration de patrimoine sont \u00e9galement en pr\u00e9paration et devraient \u00eatre prochainement soumis \u00e0 l\u2019Assembl\u00e9e nationale selon toujours Ousmane Sonko.<\/p>\n\n\n\n<p><strong>C.G. DIOP<\/strong><br>SOURCE LESOLEIL<\/p>\n","protected":false},"excerpt":{"rendered":"<p>Devant les d\u00e9put\u00e9s r\u00e9unis \u00e0 l\u2019Assembl\u00e9e nationale ce lundi 14 avril 2025, le Premier ministre Ousmane Sonko a annonc\u00e9 l\u2019arriv\u00e9e<\/p>\n","protected":false},"author":1,"featured_media":46772,"comment_status":"open","ping_status":"open","sticky":false,"template":"","format":"standard","meta":{"footnotes":""},"categories":[6],"tags":[],"class_list":["post-54994","post","type-post","status-publish","format-standard","has-post-thumbnail","hentry","category-politics"],"_links":{"self":[{"href":"https:\/\/dekkbi.com\/index.php?rest_route=\/wp\/v2\/posts\/54994","targetHints":{"allow":["GET"]}}],"collection":[{"href":"https:\/\/dekkbi.com\/index.php?rest_route=\/wp\/v2\/posts"}],"about":[{"href":"https:\/\/dekkbi.com\/index.php?rest_route=\/wp\/v2\/types\/post"}],"author":[{"embeddable":true,"href":"https:\/\/dekkbi.com\/index.php?rest_route=\/wp\/v2\/users\/1"}],"replies":[{"embeddable":true,"href":"https:\/\/dekkbi.com\/index.php?rest_route=%2Fwp%2Fv2%2Fcomments&post=54994"}],"version-history":[{"count":1,"href":"https:\/\/dekkbi.com\/index.php?rest_route=\/wp\/v2\/posts\/54994\/revisions"}],"predecessor-version":[{"id":54995,"href":"https:\/\/dekkbi.com\/index.php?rest_route=\/wp\/v2\/posts\/54994\/revisions\/54995"}],"wp:featuredmedia":[{"embeddable":true,"href":"https:\/\/dekkbi.com\/index.php?rest_route=\/wp\/v2\/media\/46772"}],"wp:attachment":[{"href":"https:\/\/dekkbi.com\/index.php?rest_route=%2Fwp%2Fv2%2Fmedia&parent=54994"}],"wp:term":[{"taxonomy":"category","embeddable":true,"href":"https:\/\/dekkbi.com\/index.php?rest_route=%2Fwp%2Fv2%2Fcategories&post=54994"},{"taxonomy":"post_tag","embeddable":true,"href":"https:\/\/dekkbi.com\/index.php?rest_route=%2Fwp%2Fv2%2Ftags&post=54994"}],"curies":[{"name":"wp","href":"https:\/\/api.w.org\/{rel}","templated":true}]}}