{"id":54985,"date":"2025-04-15T11:54:14","date_gmt":"2025-04-15T11:54:14","guid":{"rendered":"https:\/\/dekkbi.com\/?p=54985"},"modified":"2025-04-15T11:54:52","modified_gmt":"2025-04-15T11:54:52","slug":"contentieux-entre-taximen-et-multinationales-le-proces-renvoye-au-23-juillet-pour-deliberation","status":"publish","type":"post","link":"https:\/\/dekkbi.com\/?p=54985","title":{"rendered":"Taximen -multinationales: Le proc\u00e8s renvoy\u00e9 au 23 juillet"},"content":{"rendered":"\n<p>Ce lundi 14 avril 2025, le Tribunal de Dakar a \u00e9t\u00e9 envahi par une foule immense de chauffeurs du Regroupement des taxis urbains du S\u00e9n\u00e9gal, venus assister \u00e0 l\u2019audience cl\u00e9 du proc\u00e8s les opposant aux soci\u00e9t\u00e9s de transport multinationales telles que Yango, Heetch et Yassir. Apr\u00e8s six reports, l\u2019affaire a finalement \u00e9t\u00e9 mise en d\u00e9lib\u00e9r\u00e9, et la d\u00e9cision est attendue pour le 23 juillet prochain.<\/p>\n\n\n\n<figure class=\"wp-block-embed is-type-rich is-provider-prise-en-charge-des-contenus-embarqu-s wp-block-embed-prise-en-charge-des-contenus-embarqu-s wp-embed-aspect-16-9 wp-has-aspect-ratio\"><div class=\"wp-block-embed__wrapper\">\n<iframe loading=\"lazy\" title=\"Taxis vs Multinationales : Le Contentieux Renvoy\u00e9 au 23 Juillet pour d\u00e9lib\u00e9ration\" width=\"800\" height=\"450\" src=\"https:\/\/www.youtube.com\/embed\/7lO7EFrMw6I?feature=oembed\" frameborder=\"0\" allow=\"accelerometer; autoplay; clipboard-write; encrypted-media; gyroscope; picture-in-picture; web-share\" referrerpolicy=\"strict-origin-when-cross-origin\" allowfullscreen><\/iframe>\n<\/div><\/figure>\n\n\n\n<p>\u00c0 la sortie de l\u2019audience, les taximen ont affich\u00e9 leur optimisme. \u00ab Nous avons confiance en la justice s\u00e9n\u00e9galaise, qui rendra un verdict \u00e9quitable en notre faveur \u00bb, a d\u00e9clar\u00e9 Malick Ndiaye. Ils d\u00e9noncent une \u00ab concurrence d\u00e9loyale \u00bb de la part de ces plateformes, accus\u00e9es de contourner les lois locales et de menacer leur survie \u00e9conomique.<\/p>\n\n\n\n<p>Les chauffeurs traditionnels pointent du doigt les pratiques des multinationales : tarifs agressifs et non-respect des lois en vigueur.<\/p>\n\n\n\n<p>Face \u00e0 cette situation, les taximen ne comptent pas rester sans r\u00e9agir. Ils ont annonc\u00e9 une prochaine mobilisation \u00e0 la Primature, o\u00f9 ils remettront un m\u00e9morandum au Premier ministre jeudi prochain. Et si leurs revendications ne sont pas entendues, ils n&rsquo;excluent pas de paralyser totalement le transport.<\/p>\n\n\n\n<p>Tous les regards sont d\u00e9sormais tourn\u00e9s vers la d\u00e9cision du tribunal, qui pourrait red\u00e9finir les r\u00e8gles du jeu dans le secteur du transport urbain. En attendant, la tension reste palpable, et les taximen promettent de maintenir la pression jusqu\u2019\u00e0 obtenir gain de cause.<\/p>\n\n\n\n<p>SOURCE DAKARACTU<\/p>\n","protected":false},"excerpt":{"rendered":"<p>Ce lundi 14 avril 2025, le Tribunal de Dakar a \u00e9t\u00e9 envahi par une foule immense de chauffeurs du Regroupement<\/p>\n","protected":false},"author":1,"featured_media":17105,"comment_status":"open","ping_status":"open","sticky":false,"template":"","format":"standard","meta":{"footnotes":""},"categories":[21],"tags":[],"class_list":["post-54985","post","type-post","status-publish","format-standard","has-post-thumbnail","hentry","category-societe"],"_links":{"self":[{"href":"https:\/\/dekkbi.com\/index.php?rest_route=\/wp\/v2\/posts\/54985","targetHints":{"allow":["GET"]}}],"collection":[{"href":"https:\/\/dekkbi.com\/index.php?rest_route=\/wp\/v2\/posts"}],"about":[{"href":"https:\/\/dekkbi.com\/index.php?rest_route=\/wp\/v2\/types\/post"}],"author":[{"embeddable":true,"href":"https:\/\/dekkbi.com\/index.php?rest_route=\/wp\/v2\/users\/1"}],"replies":[{"embeddable":true,"href":"https:\/\/dekkbi.com\/index.php?rest_route=%2Fwp%2Fv2%2Fcomments&post=54985"}],"version-history":[{"count":2,"href":"https:\/\/dekkbi.com\/index.php?rest_route=\/wp\/v2\/posts\/54985\/revisions"}],"predecessor-version":[{"id":54989,"href":"https:\/\/dekkbi.com\/index.php?rest_route=\/wp\/v2\/posts\/54985\/revisions\/54989"}],"wp:featuredmedia":[{"embeddable":true,"href":"https:\/\/dekkbi.com\/index.php?rest_route=\/wp\/v2\/media\/17105"}],"wp:attachment":[{"href":"https:\/\/dekkbi.com\/index.php?rest_route=%2Fwp%2Fv2%2Fmedia&parent=54985"}],"wp:term":[{"taxonomy":"category","embeddable":true,"href":"https:\/\/dekkbi.com\/index.php?rest_route=%2Fwp%2Fv2%2Fcategories&post=54985"},{"taxonomy":"post_tag","embeddable":true,"href":"https:\/\/dekkbi.com\/index.php?rest_route=%2Fwp%2Fv2%2Ftags&post=54985"}],"curies":[{"name":"wp","href":"https:\/\/api.w.org\/{rel}","templated":true}]}}