{"id":54979,"date":"2025-04-15T11:41:39","date_gmt":"2025-04-15T11:41:39","guid":{"rendered":"https:\/\/dekkbi.com\/?p=54979"},"modified":"2025-04-15T11:42:33","modified_gmt":"2025-04-15T11:42:33","slug":"medina-gounass-kolda-le-dakka-prevu-du-26-avril-au-5-mai","status":"publish","type":"post","link":"https:\/\/dekkbi.com\/?p=54979","title":{"rendered":"M\u00e9dina Gounass (Kolda) : Le \u00ab\u00a0dakka\u00a0\u00bb pr\u00e9vu du 26 avril au 5 mai&#8230;"},"content":{"rendered":"\n<p>C&rsquo;est d\u00e9sormais connu, la retraite spirituelle de la cit\u00e9 religieuse de M\u00e9dina Gounass (V\u00e9lingara) appel\u00e9e \u00ab\u00a0dakka\u00a0\u00bb se tiendra du 26 avril au 5 mai 2025. Ainsi, un comit\u00e9 r\u00e9gional de d\u00e9veloppement (CRD) pr\u00e9paratoire a \u00e9t\u00e9 consacr\u00e9 \u00e0 cet \u00e9v\u00e9nement religieux ce lundi 14 avril au sein de la gouvernance de Kolda en compagnie du comit\u00e9 d&rsquo;organisation.&nbsp;<\/p>\n\n\n\n<p>Dans cette optique, toutes les parties prenantes \u00e0 cette rencontre ont donn\u00e9 des garanties pour un bon d\u00e9roulement de l&rsquo;\u00e9v\u00e9nement.&nbsp;<\/p>\n\n\n\n<p>Dans la foul\u00e9e, des recommandations seront faites pour am\u00e9liorer la qualit\u00e9 d&rsquo;accueil des p\u00e8lerins notamment dans les secteurs de l&rsquo;eau, de l&rsquo;assainissement, de la circulation, de la sant\u00e9, entre autres.<\/p>\n\n\n\n<p>Il faut rappeler que cet \u00e9v\u00e9nement est sous-r\u00e9gional et international puisque les fid\u00e8les affluent de partout. C&rsquo;est pourquoi, l\u2019\u00c9tat a consacr\u00e9 ce CRD \u00e0 ce grand rassemblement religieux pour relever les d\u00e9fis s\u00e9curitaires aussi, car la cit\u00e9 est situ\u00e9e en zone transfrontali\u00e8re. Ce sera l&rsquo;occasion pour les fid\u00e8les, de consacrer dix jours \u00e0 une retraite spirituelle uniquement \u00e0 Dieu pour implorer son pardon et avoir des b\u00e9n\u00e9dictions. \u00c0 ce titre, des pri\u00e8res pour la paix du S\u00e9n\u00e9gal et son d\u00e9veloppement seront formul\u00e9es par le Khalife G\u00e9n\u00e9ral.<\/p>\n\n\n\n<p>SOURCE DAKARACTU<\/p>\n","protected":false},"excerpt":{"rendered":"<p>C&rsquo;est d\u00e9sormais connu, la retraite spirituelle de la cit\u00e9 religieuse de M\u00e9dina Gounass (V\u00e9lingara) appel\u00e9e \u00ab\u00a0dakka\u00a0\u00bb se tiendra du 26<\/p>\n","protected":false},"author":1,"featured_media":54980,"comment_status":"open","ping_status":"open","sticky":false,"template":"","format":"standard","meta":{"footnotes":""},"categories":[21],"tags":[],"class_list":["post-54979","post","type-post","status-publish","format-standard","has-post-thumbnail","hentry","category-societe"],"_links":{"self":[{"href":"https:\/\/dekkbi.com\/index.php?rest_route=\/wp\/v2\/posts\/54979","targetHints":{"allow":["GET"]}}],"collection":[{"href":"https:\/\/dekkbi.com\/index.php?rest_route=\/wp\/v2\/posts"}],"about":[{"href":"https:\/\/dekkbi.com\/index.php?rest_route=\/wp\/v2\/types\/post"}],"author":[{"embeddable":true,"href":"https:\/\/dekkbi.com\/index.php?rest_route=\/wp\/v2\/users\/1"}],"replies":[{"embeddable":true,"href":"https:\/\/dekkbi.com\/index.php?rest_route=%2Fwp%2Fv2%2Fcomments&post=54979"}],"version-history":[{"count":1,"href":"https:\/\/dekkbi.com\/index.php?rest_route=\/wp\/v2\/posts\/54979\/revisions"}],"predecessor-version":[{"id":54981,"href":"https:\/\/dekkbi.com\/index.php?rest_route=\/wp\/v2\/posts\/54979\/revisions\/54981"}],"wp:featuredmedia":[{"embeddable":true,"href":"https:\/\/dekkbi.com\/index.php?rest_route=\/wp\/v2\/media\/54980"}],"wp:attachment":[{"href":"https:\/\/dekkbi.com\/index.php?rest_route=%2Fwp%2Fv2%2Fmedia&parent=54979"}],"wp:term":[{"taxonomy":"category","embeddable":true,"href":"https:\/\/dekkbi.com\/index.php?rest_route=%2Fwp%2Fv2%2Fcategories&post=54979"},{"taxonomy":"post_tag","embeddable":true,"href":"https:\/\/dekkbi.com\/index.php?rest_route=%2Fwp%2Fv2%2Ftags&post=54979"}],"curies":[{"name":"wp","href":"https:\/\/api.w.org\/{rel}","templated":true}]}}