{"id":54966,"date":"2025-04-15T11:15:54","date_gmt":"2025-04-15T11:15:54","guid":{"rendered":"https:\/\/dekkbi.com\/?p=54966"},"modified":"2025-04-15T11:24:00","modified_gmt":"2025-04-15T11:24:00","slug":"bambey-4eme-edition-du-concours-mon-idee-mon-entreprise-promouvoir-laspect-entrepreneurial-au-sein-des-universites","status":"publish","type":"post","link":"https:\/\/dekkbi.com\/?p=54966","title":{"rendered":"Bambey: Concours \u00abmon id\u00e9e, mon entreprise\u00bb"},"content":{"rendered":"\n<p><strong>La phase nationale de la 4\u00e8me \u00e9dition du concours \u00abMon id\u00e9e, mon entreprise&nbsp;\u00bb s\u2019est d\u00e9roul\u00e9e hier, lundi, \u00e0 l\u2019universit\u00e9 Alioune Diop de Bambey. L\u2019objectif&nbsp;de&nbsp;cet exercice, c\u2019est de&nbsp;&nbsp;promouvoir l\u2019aspect entrepreneurial au sein de l\u2019espace universitaire.<\/strong><\/p>\n\n\n\n<p>Le th\u00e8me&nbsp;&nbsp;de la 4\u00e8me \u00e9dition du concours \u00ab&nbsp;<strong>Mon id\u00e9e, mon entreprise&nbsp;\u00bb<\/strong>\u00bb qui est&nbsp; de r\u00e9pondre au d\u00e9fi du d\u00e9veloppement durable par l\u2019utilisation de l\u2019intelligence artificielle entre en parfaite ad\u00e9quation avec les missions&nbsp;&nbsp;de l\u2019universit\u00e9 Alioune Diop. Le Professeur Ibrahima Faye, recteur de l\u2019universit\u00e9 Alioune Diop de Bambey, explique&nbsp;: \u00ab&nbsp;nous sommes fiers et honor\u00e9s que l\u2019Agence universitaire de la francophonie ait port\u00e9 son choix sur l\u2019universit\u00e9 Alioune Diop pour abriter cette phase nationale.&nbsp;C\u2019est une marque de confiance qui nous va droit au c\u0153ur et qui t\u00e9moigne du rayonnement croissant de notre universit\u00e9 dans le paysage de l\u2019enseignement sup\u00e9rieur s\u00e9n\u00e9galais et africain&nbsp;\u00bb. Le recteur a remerci\u00e9 les autorit\u00e9s de l\u2019AUF pour le partenariat fructueux qu\u2019elles entretiennent avec l\u2019UAD. Ce partenariat est, selon lui,&nbsp;&nbsp;une source d\u2019acquisition de ressources tr\u00e8s utiles pour leur institution&nbsp;&nbsp;mais \u00e9galement un levier de transformation pour ce concours qui est de promouvoir&nbsp;&nbsp;leur&nbsp;&nbsp;universit\u00e9 en d\u00e9veloppement.&nbsp;&nbsp;L\u2019UAD&nbsp;&nbsp;&nbsp;reste pleinement engag\u00e9e pour le renforcement de cette collaboration fructueuse, de ce partenariat fructueux.<\/p>\n\n\n\n<p>Abordant le th\u00e8me, le Pr Ibrahima faye&nbsp;&nbsp;recteur de l\u2019UAD d\u00e9clare par ailleurs&nbsp;: \u00ab&nbsp;l\u2019intelligence artificielle entre en parfaite ad\u00e9quation avec les missions&nbsp;&nbsp;que nous nous sommes assign\u00e9es en tant qu\u2019universit\u00e9 publique s\u00e9n\u00e9galaise. En effet, en plus de la formation acad\u00e9mique et de la recherche directe, des missions fondamentales, les universit\u00e9s publiques s\u00e9n\u00e9galaises&nbsp;&nbsp;ont d\u00e9sormais la mission d\u2019accompagner les \u00e9tudiants dans l\u2019entrepreneuriat. Il s\u2019agit de leur transmettre les comp\u00e9tences n\u00e9cessaires, de leur offrir les opportunit\u00e9s concr\u00e8tes pour concevoir et lancer leurs projets et de les relier aux r\u00e9alit\u00e9s \u00e9conomiques et sociales de leur environnement. C\u2019est dans cette dynamique que&nbsp;&nbsp;l\u2019UAD a mis plusieurs initiatives&nbsp;\u00bb.<\/p>\n\n\n\n<p>Pour le repr\u00e9sentant du bureau national de l\u2019Agence universitaire de la francophonie au S\u00e9n\u00e9gal, Michel Lamar, l\u2019objectif est de&nbsp;&nbsp;promouvoir l\u2019aspect entrepreneurial au sein de l\u2019espace universitaire. Le ministre de l\u2019Enseignement sup\u00e9rieur, de la recherche et de l\u2019innovation a pris&nbsp;&nbsp;en 2022 une&nbsp;&nbsp;&nbsp;lettre circulaire pour promouvoir le statut de l\u2019\u00e9tudiant entrepreneur. L\u2019AUF se devait d\u2019\u00eatre aux c\u00f4t\u00e9s de ces 28 \u00e9tablissements membres pour accompagner cette dynamique en cours pour la prise en charge de cette question qui est l\u2019entreprenariat et l\u2019insertion professionnelle des jeunes. Le choix&nbsp;&nbsp;de l\u2019UAD&nbsp;&nbsp;&nbsp;a \u00e9t\u00e9 surtout&nbsp;&nbsp;motiv\u00e9 par le fait&nbsp;&nbsp;qu\u2019elle&nbsp;est&nbsp;la premi\u00e8re universit\u00e9&nbsp;&nbsp;du S\u00e9n\u00e9gal \u00e0 adh\u00e9rer au concept de franchise&nbsp;&nbsp;&nbsp;centre d\u2019employabilit\u00e9 francophone. Ces centres d\u2019employabilit\u00e9&nbsp;&nbsp;sont des dispositifs que l\u2019AUF a mis en place, il y a de cela 4 ans, pour promouvoir l\u2019entrepreneuriat. Nous avons ici un centre d\u2019employabilit\u00e9 avec lequel nous construisons beaucoup d\u2019activit\u00e9s autour de tout ce qui touche \u00e0 l\u2019employabilit\u00e9 et \u00e0 l\u2019insertion professionnelle des jeunes&nbsp;\u00bb. Et de conclure en disant&nbsp;: \u00ab&nbsp;en plus, l\u2019UAD est membre de l\u2019AUF qui est un &nbsp;r\u00e9seau universitaire au monde. Nous sommes dans&nbsp;&nbsp;une dynamique d\u2019itin\u00e9rance. L\u2019ann\u00e9e derni\u00e8re, nous \u00e9tions \u00e0 l\u2019ISEPT&nbsp;&nbsp;de Thi\u00e8s&nbsp;et le premier crit\u00e8re a \u00e9t\u00e9 d\u00e9terminant dans notre choix de cette ann\u00e9e&nbsp;\u00bb.<\/p>\n\n\n\n<p><strong>ADAMA NDIAYE<\/strong><br>SUDQUOTIDIEN<\/p>\n","protected":false},"excerpt":{"rendered":"<p>La phase nationale de la 4\u00e8me \u00e9dition du concours \u00abMon id\u00e9e, mon entreprise&nbsp;\u00bb s\u2019est d\u00e9roul\u00e9e hier, lundi, \u00e0 l\u2019universit\u00e9 Alioune<\/p>\n","protected":false},"author":1,"featured_media":54967,"comment_status":"open","ping_status":"open","sticky":false,"template":"","format":"standard","meta":{"footnotes":""},"categories":[3],"tags":[],"class_list":["post-54966","post","type-post","status-publish","format-standard","has-post-thumbnail","hentry","category-event-more-news"],"_links":{"self":[{"href":"https:\/\/dekkbi.com\/index.php?rest_route=\/wp\/v2\/posts\/54966","targetHints":{"allow":["GET"]}}],"collection":[{"href":"https:\/\/dekkbi.com\/index.php?rest_route=\/wp\/v2\/posts"}],"about":[{"href":"https:\/\/dekkbi.com\/index.php?rest_route=\/wp\/v2\/types\/post"}],"author":[{"embeddable":true,"href":"https:\/\/dekkbi.com\/index.php?rest_route=\/wp\/v2\/users\/1"}],"replies":[{"embeddable":true,"href":"https:\/\/dekkbi.com\/index.php?rest_route=%2Fwp%2Fv2%2Fcomments&post=54966"}],"version-history":[{"count":3,"href":"https:\/\/dekkbi.com\/index.php?rest_route=\/wp\/v2\/posts\/54966\/revisions"}],"predecessor-version":[{"id":54971,"href":"https:\/\/dekkbi.com\/index.php?rest_route=\/wp\/v2\/posts\/54966\/revisions\/54971"}],"wp:featuredmedia":[{"embeddable":true,"href":"https:\/\/dekkbi.com\/index.php?rest_route=\/wp\/v2\/media\/54967"}],"wp:attachment":[{"href":"https:\/\/dekkbi.com\/index.php?rest_route=%2Fwp%2Fv2%2Fmedia&parent=54966"}],"wp:term":[{"taxonomy":"category","embeddable":true,"href":"https:\/\/dekkbi.com\/index.php?rest_route=%2Fwp%2Fv2%2Fcategories&post=54966"},{"taxonomy":"post_tag","embeddable":true,"href":"https:\/\/dekkbi.com\/index.php?rest_route=%2Fwp%2Fv2%2Ftags&post=54966"}],"curies":[{"name":"wp","href":"https:\/\/api.w.org\/{rel}","templated":true}]}}