{"id":54954,"date":"2025-04-15T09:38:52","date_gmt":"2025-04-15T09:38:52","guid":{"rendered":"https:\/\/dekkbi.com\/?p=54954"},"modified":"2025-04-15T11:10:26","modified_gmt":"2025-04-15T11:10:26","slug":"reaction-debat-public-sur-les-ressources-naturelles-sonko-provoque-tas-accepte","status":"publish","type":"post","link":"https:\/\/dekkbi.com\/?p=54954","title":{"rendered":"R\u00e9action \u2013 D\u00e9bat public sur les ressources naturelles: Sonko provoque, TAS accepte"},"content":{"rendered":"\n<p><strong>Le Premier ministre Ousmane Sonko a appel\u00e9 Thierno Alassane Sall \u00e0 d\u00e9battre sur les contrats gaziers. La r\u00e9ponse du leader de la R\u00e9publique des valeurs n\u2019a pas tard\u00e9. Le d\u00e9put\u00e9 non inscrit a r\u00e9pondu favorablement \u00e0 l\u2019offre de d\u00e9bat public, mais reste sceptique quant \u00e0 la volont\u00e9 r\u00e9elle du leader du parti Pastef d\u2019honorer cette confrontation.<\/strong><\/p>\n\n\n\n<p>\u00a0Moins de vingt-quatre heures apr\u00e8s la proposition du Premier ministre Ousmane Sonko, qui a tendu la main \u00e0 Thierno Alassane Sall pour un d\u00e9bat public sur les ressources naturelles, ce dernier a r\u00e9pondu favorablement. Mais pas sans critiquer le style politique du chef du gouvernement qui, d\u2019ailleurs, r\u00e9pondait \u00e0 des questions pos\u00e9es par des d\u00e9put\u00e9s lors d\u2019une s\u00e9ance pl\u00e9ni\u00e8re \u00e0 l\u2019Assembl\u00e9e nationale consacr\u00e9e aux Questions d\u2019actualit\u00e9 au gouvernement. \u00abEncore une fois, Ousmane Sonko s\u2019\u00e9gare des vraies pr\u00e9occupations des S\u00e9n\u00e9galais pour s\u2019adonner \u00e0 son sport favori : la calomnie\u00bb, a-t-il \u00e9crit sur sa page X. <\/p>\n\n\n\n<p>Pour Thierno Alassane Sall, le Premier ministre est dans une fuite en avant permanente, usant de m\u00e9thodes qu\u2019il juge peu honorables. \u00abSa m\u00e9thode est connue : insulter, accuser sans preuve, puis d\u00e9fier en public avant de fuir le d\u00e9bat par des pr\u00e9textes honteux\u00bb, ajoute le d\u00e9put\u00e9 non inscrit. N\u00e9anmoins, malgr\u00e9 ses critiques, le pr\u00e9sident de la R\u00e9publique des valeurs accepte de relever le d\u00e9fi.<\/p>\n\n\n\n<p> Il conditionne m\u00eame la tenue de ce d\u00e9bat \u00e0 l\u2019implication des m\u00e9dias\u00a0: \u00abDepuis l\u2019Assembl\u00e9e nationale, il m\u2019invite \u00e0 d\u00e9battre des contrats gaziers et de tout autre sujet de son choix. J\u2019accepte. Je demande \u00e0 la presse d\u2019organiser ce d\u00e9bat.\u00bb Mais Thierno Alassane Sall reste sceptique quant \u00e0 la volont\u00e9 r\u00e9elle du leader du parti Pastef d\u2019honorer cette confrontation. \u00abJ\u2019ose croire qu\u2019il ne se d\u00e9robera pas. Qu\u2019il ait le courage de ses mots. Gor ca wax ja\u00bb, a-t-il conclu. Reste maintenant \u00e0 voir si ce d\u00e9bat promis aura lieu, et sous quel format.<\/p>\n\n\n\n<p> Car ce n\u2019est pas la premi\u00e8re fois que Ousmane Sonko appelle \u00e0 une telle confrontation. Apr\u00e8s avoir lanc\u00e9 des invitations similaires \u00e0 Mimi Tour\u00e9 en 2022 sur le co\u00fbt de la vie, puis \u00e0 Amadou Ba, candidat de Benno bokk yaakaar (Bby) \u00e0 la derni\u00e8re Pr\u00e9sidentielle, c\u2019est d\u00e9sormais au tour de Thierno Alassane Sall, l\u2019ancien ministre de l\u2019Energie, d\u2019\u00eatre convoqu\u00e9 sur le ring m\u00e9diatique. Une chose est certaine, Ousmane Sonko veut vraiment d\u00e9battre.<\/p>\n\n\n\n<p><strong>Par Ousmane SOW \u2013<\/strong> <strong>ousmane.sow@lequotidien.sn<\/strong><\/p>\n","protected":false},"excerpt":{"rendered":"<p>Le Premier ministre Ousmane Sonko a appel\u00e9 Thierno Alassane Sall \u00e0 d\u00e9battre sur les contrats gaziers. La r\u00e9ponse du leader<\/p>\n","protected":false},"author":1,"featured_media":54955,"comment_status":"open","ping_status":"open","sticky":false,"template":"","format":"standard","meta":{"footnotes":""},"categories":[6],"tags":[],"class_list":["post-54954","post","type-post","status-publish","format-standard","has-post-thumbnail","hentry","category-politics"],"_links":{"self":[{"href":"https:\/\/dekkbi.com\/index.php?rest_route=\/wp\/v2\/posts\/54954","targetHints":{"allow":["GET"]}}],"collection":[{"href":"https:\/\/dekkbi.com\/index.php?rest_route=\/wp\/v2\/posts"}],"about":[{"href":"https:\/\/dekkbi.com\/index.php?rest_route=\/wp\/v2\/types\/post"}],"author":[{"embeddable":true,"href":"https:\/\/dekkbi.com\/index.php?rest_route=\/wp\/v2\/users\/1"}],"replies":[{"embeddable":true,"href":"https:\/\/dekkbi.com\/index.php?rest_route=%2Fwp%2Fv2%2Fcomments&post=54954"}],"version-history":[{"count":1,"href":"https:\/\/dekkbi.com\/index.php?rest_route=\/wp\/v2\/posts\/54954\/revisions"}],"predecessor-version":[{"id":54956,"href":"https:\/\/dekkbi.com\/index.php?rest_route=\/wp\/v2\/posts\/54954\/revisions\/54956"}],"wp:featuredmedia":[{"embeddable":true,"href":"https:\/\/dekkbi.com\/index.php?rest_route=\/wp\/v2\/media\/54955"}],"wp:attachment":[{"href":"https:\/\/dekkbi.com\/index.php?rest_route=%2Fwp%2Fv2%2Fmedia&parent=54954"}],"wp:term":[{"taxonomy":"category","embeddable":true,"href":"https:\/\/dekkbi.com\/index.php?rest_route=%2Fwp%2Fv2%2Fcategories&post=54954"},{"taxonomy":"post_tag","embeddable":true,"href":"https:\/\/dekkbi.com\/index.php?rest_route=%2Fwp%2Fv2%2Ftags&post=54954"}],"curies":[{"name":"wp","href":"https:\/\/api.w.org\/{rel}","templated":true}]}}