{"id":54943,"date":"2025-04-15T09:28:05","date_gmt":"2025-04-15T09:28:05","guid":{"rendered":"https:\/\/dekkbi.com\/?p=54943"},"modified":"2025-04-15T09:28:06","modified_gmt":"2025-04-15T09:28:06","slug":"assemblee-nationale-emploi-justice-diffamation-lanceurs-dalerte-ousmane-sonko-trace-sa-ligne","status":"publish","type":"post","link":"https:\/\/dekkbi.com\/?p=54943","title":{"rendered":"Assembl\u00e9e nationale-emploi, justice, diffamation, lanceurs d\u2019alerte\u2026 : Ousmane Sonko trace sa ligne"},"content":{"rendered":"\n<p><strong>Le Premier ministre, Ousmane Sonko s\u2019est soumis hier, lundi 14 avril avec des membres de son gouvernement \u00e0 la s\u00e9ance de questions d\u2019actualit\u00e9 devant la repr\u00e9sentation nationale. &nbsp;Lors de cette s\u00e9ance boycott\u00e9e par les d\u00e9put\u00e9s de l\u2019opposition et certains de leurs coll\u00e8gues du groupe des non-inscrits, le Premier ministre a \u00e9t\u00e9 interpell\u00e9 sur plusieurs sujets br\u00fblants de l\u2019actualit\u00e9 notamment les &nbsp;licenciements engag\u00e9s par le nouveau r\u00e9gime dans plusieurs structures publiques.<\/strong><\/p>\n\n\n\n<p>L\u2019Assembl\u00e9e nationale a accueilli hier, lundi 14 avril le Premier ministre, Ousmane Sonko avec des membres de son gouvernement \u00e0 l\u2019occasion de la s\u00e9ance de questions d\u2019actualit\u00e9s. Malgr\u00e9 le boycott des d\u00e9put\u00e9s de l\u2019opposition et de certains non-inscrits, le deuxi\u00e8me face-\u00e0-face entre le Premier ministre Ousmane Sonko et la repr\u00e9sentation nationale n\u2019a rien eu d\u2019une simple formalit\u00e9. Fid\u00e8les \u00e0 leur r\u00f4le de contr\u00f4le de l\u2019action gouvernementale, les d\u00e9put\u00e9s pr\u00e9sents \u2013 r\u00e9partis entre quatorze orateurs, dont dix issus de la majorit\u00e9 parlementaire Pastef et quatre non-inscrits \u2013 ont saisi l\u2019occasion pour poser au chef du gouvernement une s\u00e9rie de questions br\u00fblantes. Profitant de l\u2019absence des \u00e9lus de l\u2019opposition Takku-Wallu, les d\u00e9put\u00e9s non-inscrits se sont d\u2019ailleurs partag\u00e9 le temps de parole qui leur \u00e9tait r\u00e9serv\u00e9<\/p>\n\n\n\n<p>Parmi les sujets abord\u00e9s figurent notamment les licenciements d\u00e9cid\u00e9s par le nouveau r\u00e9gime dans plusieurs structures publiques, la persistance de l\u2019immigration irr\u00e9guli\u00e8re, le non-respect de la baisse des prix annonc\u00e9e sur certaines denr\u00e9es de grande consommation, ainsi que la gestion du foncier national. Sur ces points, le Premier ministre Ousmane Sonko a r\u00e9pondu de mani\u00e8re tranch\u00e9e. Interpell\u00e9 par le d\u00e9put\u00e9 non-inscrit Pape Djibril Fall, qui d\u00e9non\u00e7ait un \u00ab licenciement politique \u00bb des 312 policiers adjoints volontaires, le chef du gouvernement a renvoy\u00e9 la balle en affirmant que ces agents avaient eux-m\u00eames \u00e9t\u00e9 recrut\u00e9s sur des bases partisanes. \u00ab S\u2019il y a licenciement politique, c\u2019est qu\u2019il y a eu recrutement politique \u00bb, a-t-il r\u00e9pliqu\u00e9. Il a ensuite r\u00e9v\u00e9l\u00e9 que certains d\u2019entre eux \u00ab ne savaient m\u00eame pas \u00e9crire leur nom \u00bb et pr\u00e9cis\u00e9 que leur d\u00e9part r\u00e9sultait d\u2019une demande de la Police nationale adress\u00e9e \u00e0 son minist\u00e8re de tutelle. \u00ab Ce n\u2019est pas une d\u00e9cision politique. C\u2019est leur propre hi\u00e9rarchie qui a propos\u00e9 leur licenciement en soulignant qu\u2019ils ne remplissaient pas les crit\u00e8res requis pour int\u00e9grer la Police nationale \u00bb, a-t-il expliqu\u00e9.<\/p>\n\n\n\n<p>Par ailleurs r\u00e9pondant \u00e0 &nbsp;la question relative \u00e0 l\u2019immigration, pos\u00e9e par Mamadou Lamine Diouf, d\u00e9put\u00e9 Pastef, Ousmane Sonko tout en condamnant &nbsp;la mort du ressortissant s\u00e9n\u00e9galais tu\u00e9 par balle \u00e0 S\u00e3o Paolo, au Br\u00e9sil, a assur\u00e9 que la diplomatie s\u00e9n\u00e9galaise en relation avec les autorit\u00e9s br\u00e9siliennes, \u00e9tait en train de tout mettre en \u0153uvre pour faire la lumi\u00e8re sur cette affaire. Poursuivant son propos, le Premier ministre a toutefois tenu \u00e0 appeler les jeunes qui, selon lui, \u00ab&nbsp;essaient de trouver une fausse solution \u00e0 un vrai probl\u00e8me&nbsp;\u00bb \u00e0 la raison et au respect des lois et r\u00e8glements de leurs pays d\u2019accueil pour, dit-il, mettre \u00e0 l\u2019aise l\u2019Etat. \u00ab Il n\u2019y a pas de justificatifs pour aller mourir en mer&nbsp;\u00bb, a-t-il martel\u00e9, en faisant remarquer par ailleurs que \u00ab&nbsp;la r\u00e9ponse \u00e0 l\u2019\u00e9migration clandestine ne peut se limiter \u00e0 la r\u00e9pression. Elle doit passer par des solutions durables, construites avec l\u2019ensemble du peuple s\u00e9n\u00e9galais \u00bb. Initialement pr\u00e9vue pour le 10 avril dernier, cette deuxi\u00e8me s\u00e9ance de question d\u2019actualit\u00e9 avait \u00e9t\u00e9 report\u00e9e par l\u2019Assembl\u00e9e nationale \u00e0 la suite du rappel \u00e0 Dieu du v\u00e9n\u00e9r\u00e9 guide la communaut\u00e9 religieuse des Lay\u00e8nes, Serigne Mouhamadou Makhtar Thiaw Laye.<\/p>\n\n\n\n<p><strong>NANDO CABRAL GOMIS<\/strong><br>SUDQUOTIDIEN<\/p>\n","protected":false},"excerpt":{"rendered":"<p>Le Premier ministre, Ousmane Sonko s\u2019est soumis hier, lundi 14 avril avec des membres de son gouvernement \u00e0 la s\u00e9ance<\/p>\n","protected":false},"author":1,"featured_media":54944,"comment_status":"open","ping_status":"open","sticky":false,"template":"","format":"standard","meta":{"footnotes":""},"categories":[6],"tags":[],"class_list":["post-54943","post","type-post","status-publish","format-standard","has-post-thumbnail","hentry","category-politics"],"_links":{"self":[{"href":"https:\/\/dekkbi.com\/index.php?rest_route=\/wp\/v2\/posts\/54943","targetHints":{"allow":["GET"]}}],"collection":[{"href":"https:\/\/dekkbi.com\/index.php?rest_route=\/wp\/v2\/posts"}],"about":[{"href":"https:\/\/dekkbi.com\/index.php?rest_route=\/wp\/v2\/types\/post"}],"author":[{"embeddable":true,"href":"https:\/\/dekkbi.com\/index.php?rest_route=\/wp\/v2\/users\/1"}],"replies":[{"embeddable":true,"href":"https:\/\/dekkbi.com\/index.php?rest_route=%2Fwp%2Fv2%2Fcomments&post=54943"}],"version-history":[{"count":1,"href":"https:\/\/dekkbi.com\/index.php?rest_route=\/wp\/v2\/posts\/54943\/revisions"}],"predecessor-version":[{"id":54945,"href":"https:\/\/dekkbi.com\/index.php?rest_route=\/wp\/v2\/posts\/54943\/revisions\/54945"}],"wp:featuredmedia":[{"embeddable":true,"href":"https:\/\/dekkbi.com\/index.php?rest_route=\/wp\/v2\/media\/54944"}],"wp:attachment":[{"href":"https:\/\/dekkbi.com\/index.php?rest_route=%2Fwp%2Fv2%2Fmedia&parent=54943"}],"wp:term":[{"taxonomy":"category","embeddable":true,"href":"https:\/\/dekkbi.com\/index.php?rest_route=%2Fwp%2Fv2%2Fcategories&post=54943"},{"taxonomy":"post_tag","embeddable":true,"href":"https:\/\/dekkbi.com\/index.php?rest_route=%2Fwp%2Fv2%2Ftags&post=54943"}],"curies":[{"name":"wp","href":"https:\/\/api.w.org\/{rel}","templated":true}]}}