{"id":54940,"date":"2025-04-14T10:49:22","date_gmt":"2025-04-14T10:49:22","guid":{"rendered":"https:\/\/dekkbi.com\/?p=54940"},"modified":"2025-04-14T10:49:22","modified_gmt":"2025-04-14T10:49:22","slug":"le-real-et-courtois-sen-sortent-a-alaves-malgre-lexpulsion-de-mbappe","status":"publish","type":"post","link":"https:\/\/dekkbi.com\/?p=54940","title":{"rendered":"Le Real et Courtois s\u2019en sortent \u00e0 Alav\u00e9s, malgr\u00e9 l\u2019expulsion de Mbapp\u00e9"},"content":{"rendered":"\n<p>R\u00e9duit \u00e0 dix apr\u00e8s l\u2019expulsion du Fran\u00e7ais Kylian Mbapp\u00e9, le Real Madrid et Thibaut Courtois se sont impos\u00e9s dans la douleur dimanche au terme d\u2019un match tendu \u00e0 Alav\u00e9s (1-0) lors de la 31e journ\u00e9e de Liga.<\/p>\n\n\n\n<p>Le Real (2e, 66 points), qui restait sur deux d\u00e9faites de suite face \u00e0 Arsenal (3-0) et Valence (2-1), compte quatre points de moins que le FC Barcelone au classement.<\/p>\n\n\n\n<p>Le Fran\u00e7ais Eduardo Camavinga a inscrit le seul but de la rencontre (34e), quatre minutes avant l\u2019expulsion logique de Mbapp\u00e9 pour une \u00e9norme semelle sur l\u2019Espagnol Antonio Blanco. La rencontre s\u2019est termin\u00e9e \u00e0 dix contre dix: alors que les locaux poussaient pour \u00e9galiser, l\u2019arbitre a sorti un deuxi\u00e8me carton rouge pour l\u2019Espagnol Manu Sanchez, lui aussi coupable d\u2019un mauvais geste (70e). Les joueurs de Carlo Ancelotti ont souffert mais sont parvenus \u00e0 conserver leur avantage gr\u00e2ce notamment \u00e0 Courtois, imp\u00e9rial sur sa ligne.<\/p>\n\n\n\n<p>Mbapp\u00e9, qui s\u2019\u00e9tait plaint \u00e0 plusieurs reprises de fautes non siffl\u00e9es face \u00e0 une \u00e9quipe basque souvent \u00e0 la limite dans l\u2019engagement, pourrait manquer plusieurs matchs d\u00e9cisifs dans cette fin de saison, contre l\u2019Athletic Bilbao, dimanche prochain, Getafe ensuite, et surtout la finale de la Coupe du Roi face au Bar\u00e7a le 26 avril.<\/p>\n\n\n\n<p>Le Real tentera mercredi de renverser Arsenal en quart de finale retour de la Ligue des champions.<\/p>\n","protected":false},"excerpt":{"rendered":"<p>R\u00e9duit \u00e0 dix apr\u00e8s l\u2019expulsion du Fran\u00e7ais Kylian Mbapp\u00e9, le Real Madrid et Thibaut Courtois se sont impos\u00e9s dans la<\/p>\n","protected":false},"author":1,"featured_media":41280,"comment_status":"open","ping_status":"open","sticky":false,"template":"","format":"standard","meta":{"footnotes":""},"categories":[9],"tags":[],"class_list":["post-54940","post","type-post","status-publish","format-standard","has-post-thumbnail","hentry","category-sports"],"_links":{"self":[{"href":"https:\/\/dekkbi.com\/index.php?rest_route=\/wp\/v2\/posts\/54940","targetHints":{"allow":["GET"]}}],"collection":[{"href":"https:\/\/dekkbi.com\/index.php?rest_route=\/wp\/v2\/posts"}],"about":[{"href":"https:\/\/dekkbi.com\/index.php?rest_route=\/wp\/v2\/types\/post"}],"author":[{"embeddable":true,"href":"https:\/\/dekkbi.com\/index.php?rest_route=\/wp\/v2\/users\/1"}],"replies":[{"embeddable":true,"href":"https:\/\/dekkbi.com\/index.php?rest_route=%2Fwp%2Fv2%2Fcomments&post=54940"}],"version-history":[{"count":1,"href":"https:\/\/dekkbi.com\/index.php?rest_route=\/wp\/v2\/posts\/54940\/revisions"}],"predecessor-version":[{"id":54941,"href":"https:\/\/dekkbi.com\/index.php?rest_route=\/wp\/v2\/posts\/54940\/revisions\/54941"}],"wp:featuredmedia":[{"embeddable":true,"href":"https:\/\/dekkbi.com\/index.php?rest_route=\/wp\/v2\/media\/41280"}],"wp:attachment":[{"href":"https:\/\/dekkbi.com\/index.php?rest_route=%2Fwp%2Fv2%2Fmedia&parent=54940"}],"wp:term":[{"taxonomy":"category","embeddable":true,"href":"https:\/\/dekkbi.com\/index.php?rest_route=%2Fwp%2Fv2%2Fcategories&post=54940"},{"taxonomy":"post_tag","embeddable":true,"href":"https:\/\/dekkbi.com\/index.php?rest_route=%2Fwp%2Fv2%2Ftags&post=54940"}],"curies":[{"name":"wp","href":"https:\/\/api.w.org\/{rel}","templated":true}]}}