{"id":54929,"date":"2025-04-14T10:33:07","date_gmt":"2025-04-14T10:33:07","guid":{"rendered":"https:\/\/dekkbi.com\/?p=54929"},"modified":"2025-04-14T10:33:07","modified_gmt":"2025-04-14T10:33:07","slug":"ouverture-du-proces-de-meta-sur-les-acquisitions-dinstagram-et-whatsapp","status":"publish","type":"post","link":"https:\/\/dekkbi.com\/?p=54929","title":{"rendered":"Ouverture du proc\u00e8s de Meta sur les acquisitions d&rsquo;Instagram et WhatsApp"},"content":{"rendered":"\n<p>Meta est attendu au tribunal \u00e0 Washington lundi pour l&rsquo;ouverture d&rsquo;un proc\u00e8s que son patron, Mark Zuckerberg, a tout fait pour \u00e9viter. Si le g\u00e9ant des r\u00e9seaux sociaux perd, il pourrait \u00eatre forc\u00e9 de se s\u00e9parer d&rsquo;Instagram et WhatsApp.<\/p>\n\n\n\n<p>Selon la plainte d\u00e9pos\u00e9e il y a cinq ans, sous le premier gouvernement Trump, les Etats-Unis accusent le groupe californien d&rsquo;avoir achet\u00e9 ces deux applications pour \u00e9touffer des concurrents potentiels.<\/p>\n\n\n\n<p>Mark Zuckerberg, troisi\u00e8me fortune mondiale, a multipli\u00e9 les avances pour s&rsquo;attirer les bonnes gr\u00e2ces de Donald Trump, depuis la victoire \u00e9lectorale du milliardaire new-yorkais en novembre. Il a notamment nomm\u00e9 des alli\u00e9s r\u00e9publicains \u00e0 des postes importants chez Meta, assoupli les r\u00e8gles de mod\u00e9ration des contenus et vers\u00e9 des contributions financi\u00e8res.<\/p>\n\n\n\n<figure class=\"wp-block-image\"><img decoding=\"async\" src=\"https:\/\/information.tv5monde.com\/sites\/tv5-info\/files\/styles\/entete\/public\/2025-04\/field_media_image-2917278-f00c76feaf86c113aa7ccad150e4797c1b24a5c6.jpg?itok=YtQLO-qf\" alt=\"Meta est attendu au tribunal \u00e0 Washington pour l'ouverture d'un proc\u00e8s que son patron Mark Zuckerberg a tout fait pour \u00e9viter. Si le g\u00e9ant des r\u00e9seaux sociaux perd, il pourrait \u00eatre forc\u00e9 de se s\u00e9parer d'Instagram et WhatsApp\" title=\"Meta est attendu au tribunal \u00e0 Washington pour l'ouverture d'un proc\u00e8s que son patron Mark Zuckerberg a tout fait pour \u00e9viter. Si le g\u00e9ant des r\u00e9seaux sociaux perd, il pourrait \u00eatre forc\u00e9 de se s\u00e9parer d'Instagram et WhatsApp\"\/><\/figure>\n\n\n\n<p>Meta est attendu au tribunal \u00e0 Washington pour l&rsquo;ouverture d&rsquo;un proc\u00e8s que son patron Mark Zuckerberg a tout fait pour \u00e9viter. Si le g\u00e9ant des r\u00e9seaux sociaux perd, il pourrait \u00eatre forc\u00e9 de se s\u00e9parer d&rsquo;Instagram et WhatsApp  &#8211; AFP\/Archives &#8211; Kirill KUDRYAVTSEV<\/p>\n\n\n\n<p><a href=\"https:\/\/www.addtoany.com\/share#url=https%3A%2F%2Finformation.tv5monde.com%2Feconomie%2Fouverture-du-proces-de-meta-sur-les-acquisitions-dinstagram-et-whatsapp-2769964&amp;title=Ouverture%20du%20proc%C3%A8s%20de%20Meta%20sur%20les%20acquisitions%20d%27Instagram%20et%20WhatsApp\"><\/a>R\u00e9cemment, il s&rsquo;est rendu \u00e0 plusieurs reprises \u00e0 la Maison Blanche pour tenter de persuader l&rsquo;administration d&rsquo;opter pour un r\u00e8glement \u00e0 l&rsquo;amiable.<\/p>\n\n\n\n<p>\u00ab\u00a0Je serais tr\u00e8s surpris qu&rsquo;une telle chose se produise\u00a0\u00bb, a d\u00e9clar\u00e9 au site sp\u00e9cialis\u00e9 The Verge Andrew Ferguson, pr\u00e9sident de l&rsquo;agence de protection des consommateurs, la FTC, nomm\u00e9 par le chef d&rsquo;Etat r\u00e9publicain.<\/p>\n\n\n\n<figure class=\"wp-block-image\"><img decoding=\"async\" src=\"https:\/\/information.tv5monde.com\/sites\/tv5-info\/files\/styles\/entete\/public\/2025-04\/field_media_image-2917279-04085c211784bcfded09e5673caab0cc921cc70a.jpg?itok=ZU9rV21o\" alt=\"L'agence de protection des consommateurs, la FTC, va devoir prouver que Meta, alors Facebook, a abus\u00e9 de sa position dominante lors du rachat d'Instagram en 2012 et de WhatsApp en 2014\" title=\"L'agence de protection des consommateurs, la FTC, va devoir prouver que Meta, alors Facebook, a abus\u00e9 de sa position dominante lors du rachat d'Instagram en 2012 et de WhatsApp en 2014\"\/><\/figure>\n\n\n\n<p>L&rsquo;agence de protection des consommateurs, la FTC, va devoir prouver que Meta, alors Facebook, a abus\u00e9 de sa position dominante lors du rachat d&rsquo;Instagram en 2012 et de WhatsApp en 2014 &#8211; AFP\/Archives &#8211; Kirill KUDRYAVTSEV<\/p>\n\n\n\n<p>L&rsquo;autorit\u00e9 va devoir prouver que Meta, alors Facebook, a abus\u00e9 de sa position dominante lors du rachat d&rsquo;Instagram en 2012, pour un milliard de dollars, et de WhatsApp en 2014, pour 19 milliards.<\/p>\n\n\n\n<p>L&rsquo;affaire va notamment se jouer sur la d\u00e9finition du march\u00e9.<\/p>\n\n\n\n<p>Pour la FTC, \u00ab\u00a0pendant plus d&rsquo;une d\u00e9cennie, Meta a maintenu aux \u00c9tats-Unis un monopole sur les services de r\u00e9seaux sociaux personnels\u00a0\u00bb, qui permettent de rester en contact avec la famille et les amis.<\/p>\n\n\n\n<p>Elle estime que les autres grandes plateformes, telles que les tr\u00e8s populaires TikTok et YouTube, n&rsquo;appartiennent pas \u00e0 la m\u00eame cat\u00e9gorie.<\/p>\n\n\n\n<p>Une perspective que la firme de Menlo Park (Silicon Valley) rejette.<\/p>\n\n\n\n<p>\u00ab\u00a0Le fait que ces services sont diff\u00e9rents par certains aspects des applications de Meta ne fait que prouver que ces proches concurrents innovent avec des outils et fonctionnalit\u00e9s pour gagner en minutes d&rsquo;attention des utilisateurs\u00a0\u00bb, argumente la d\u00e9fense.<\/p>\n\n\n\n<h2 class=\"wp-block-heading\">\u00ab\u00a0Vraiment effrayant\u00a0\u00bb<\/h2>\n\n\n\n<p>Au cours des huit semaines de proc\u00e8s, la FTC va tenter de d\u00e9montrer que le monopole de Meta se traduit par un usage d\u00e9grad\u00e9 pour les usagers, contraints de tol\u00e9rer trop de publicit\u00e9s et de changements abrupts.<\/p>\n\n\n\n<figure class=\"wp-block-image\"><img decoding=\"async\" src=\"https:\/\/information.tv5monde.com\/sites\/tv5-info\/files\/styles\/entete\/public\/2025-04\/field_media_image-2917280-Part-GTY-2194358524-1-1-4.jpg?itok=6vc_-8I_\" alt=\"Mark Zuckerberg, le patron de Meta, le 20 janvier 2025 \u00e0 Washington pour l'investiture de Donald Trump\" title=\"Mark Zuckerberg, le patron de Meta, le 20 janvier 2025 \u00e0 Washington pour l'investiture de Donald Trump\"\/><\/figure>\n\n\n\n<p>Mark Zuckerberg, le patron de Meta, le 20 janvier 2025 \u00e0 Washington pour l&rsquo;investiture de Donald Trump <br>GETTY IMAGES NORTH AMERICA\/AFP\/Archives  &#8211; POOL<\/p>\n\n\n\n<p>L&rsquo;agence va aussi mettre en avant des courriels de Mark Zuckerberg. \u00ab\u00a0L&rsquo;impact potentiel d&rsquo;Instagram est vraiment effrayant et c&rsquo;est pourquoi nous devrions envisager de payer beaucoup d&rsquo;argent\u00a0\u00bb, avait \u00e9crit le fondateur de Facebook avant le rachat du service de partage de photos.<\/p>\n\n\n\n<p>Instagram compte aujourd&rsquo;hui 2 milliards d&rsquo;utilisateurs.<\/p>\n\n\n\n<p>Les avocats de Meta feront valoir que ses investissements substantiels ont transform\u00e9 les deux start-up en superproductions. Ils souligneront \u00e9galement que la FTC avait initialement approuv\u00e9 les deux transactions et qu&rsquo;elle ne devrait pas \u00eatre autoris\u00e9e \u00e0 revenir en arri\u00e8re.<\/p>\n\n\n\n<p>Le proc\u00e8s Meta est l&rsquo;une des cinq grandes actions antitrust lanc\u00e9es ces derni\u00e8res ann\u00e9es par le gouvernement am\u00e9ricain dans le secteur des technologies.<\/p>\n\n\n\n<p>Google a \u00e9t\u00e9 reconnu coupable d&rsquo;abus de position dominante sur le march\u00e9 de la recherche en ligne en ao\u00fbt dernier, tandis qu&rsquo;Apple et Amazon font \u00e9galement l&rsquo;objet de poursuites.<\/p>\n\n\n\n<p>Mais la FTC a subi plusieurs revers devant les tribunaux. Elle n&rsquo;a pu emp\u00eacher l&rsquo;acquisition de Within par Meta et celle d&rsquo;Activision Blizzard par Microsoft.<\/p>\n\n\n\n<p>Le juge James Boasberg, qui tranchera, a d\u00e9j\u00e0 pr\u00e9venu que la FTC \u00ab\u00a0va faire face \u00e0 des questions difficiles sur la capacit\u00e9 de ses accusations \u00e0 tenir la route devant la cour\u00a0\u00bb.<\/p>\n\n\n\n<p>Par Julie JAMMOT avec Alex PIGMAN \u00e0 Washington \u00a9 2025 AFP<\/p>\n","protected":false},"excerpt":{"rendered":"<p>Meta est attendu au tribunal \u00e0 Washington lundi pour l&rsquo;ouverture d&rsquo;un proc\u00e8s que son patron, Mark Zuckerberg, a tout fait<\/p>\n","protected":false},"author":1,"featured_media":2823,"comment_status":"open","ping_status":"open","sticky":false,"template":"","format":"standard","meta":{"footnotes":""},"categories":[51],"tags":[],"class_list":["post-54929","post","type-post","status-publish","format-standard","has-post-thumbnail","hentry","category-general"],"_links":{"self":[{"href":"https:\/\/dekkbi.com\/index.php?rest_route=\/wp\/v2\/posts\/54929","targetHints":{"allow":["GET"]}}],"collection":[{"href":"https:\/\/dekkbi.com\/index.php?rest_route=\/wp\/v2\/posts"}],"about":[{"href":"https:\/\/dekkbi.com\/index.php?rest_route=\/wp\/v2\/types\/post"}],"author":[{"embeddable":true,"href":"https:\/\/dekkbi.com\/index.php?rest_route=\/wp\/v2\/users\/1"}],"replies":[{"embeddable":true,"href":"https:\/\/dekkbi.com\/index.php?rest_route=%2Fwp%2Fv2%2Fcomments&post=54929"}],"version-history":[{"count":1,"href":"https:\/\/dekkbi.com\/index.php?rest_route=\/wp\/v2\/posts\/54929\/revisions"}],"predecessor-version":[{"id":54930,"href":"https:\/\/dekkbi.com\/index.php?rest_route=\/wp\/v2\/posts\/54929\/revisions\/54930"}],"wp:featuredmedia":[{"embeddable":true,"href":"https:\/\/dekkbi.com\/index.php?rest_route=\/wp\/v2\/media\/2823"}],"wp:attachment":[{"href":"https:\/\/dekkbi.com\/index.php?rest_route=%2Fwp%2Fv2%2Fmedia&parent=54929"}],"wp:term":[{"taxonomy":"category","embeddable":true,"href":"https:\/\/dekkbi.com\/index.php?rest_route=%2Fwp%2Fv2%2Fcategories&post=54929"},{"taxonomy":"post_tag","embeddable":true,"href":"https:\/\/dekkbi.com\/index.php?rest_route=%2Fwp%2Fv2%2Ftags&post=54929"}],"curies":[{"name":"wp","href":"https:\/\/api.w.org\/{rel}","templated":true}]}}