{"id":54906,"date":"2025-04-14T09:45:42","date_gmt":"2025-04-14T09:45:42","guid":{"rendered":"https:\/\/dekkbi.com\/?p=54906"},"modified":"2025-04-14T09:45:42","modified_gmt":"2025-04-14T09:45:42","slug":"ag-du-mouvement-yen-a-marre-oumar-cyrille-toure-alias-thiat-elu-nouveau-coordonnateur","status":"publish","type":"post","link":"https:\/\/dekkbi.com\/?p=54906","title":{"rendered":"AG du Mouvement Y\u2019en a marre : Oumar Cyrille Tour\u00e9, alias Thiat, \u00e9lu nouveau coordonnateur"},"content":{"rendered":"\n<p>Le mouvement Y\u2019en a marre s\u2019engage \u00e0 porter plus que jamais haut le flambeau de la r\u00e9sistance et de la lutte pour les libert\u00e9s d\u00e9mocratiques. \u00c0 l\u2019issue d\u2019une Assembl\u00e9e g\u00e9n\u00e9rale de trois jours tenue \u00e0 Warang, dans la Petite C\u00f4te du S\u00e9n\u00e9gal, le mouvement a \u00e9lu, ce samedi, un nouveau bureau, avec Oumar Cyrille Tour\u00e9, alias Thiat, comme coordonnateur, et Abdou Khafor Kandji comme vice-coordonnateur.&nbsp;&nbsp;<\/p>\n\n\n\n<p>Son \u00ab leadership courageux, sa r\u00e9silience face aux temp\u00eates et sa fid\u00e9lit\u00e9 in\u00e9branlable aux valeurs de Y\u2019en a marre \u00bb ont insuffl\u00e9 une nouvelle \u00e9nergie et permis d\u2019obtenir des r\u00e9sultats concrets dans les grandes luttes auxquelles le mouvement a pris part.&nbsp;&nbsp;<\/p>\n\n\n\n<p>L\u2019assembl\u00e9e a salu\u00e9 le fait que Thiat \u00ab a su tenir haut le flambeau du mouvement dans les moments les plus critiques, avec honneur et conviction \u00bb. Par ailleurs, Y\u2019en a marre adresse \u00ab sa vive et profonde reconnaissance \u00bb \u00e0 Aliou San\u00e9, qui a assur\u00e9 la coordination pendant six ans.&nbsp;&nbsp;<\/p>\n\n\n\n<p>La nouvelle \u00e9quipe, pr\u00eate \u00e0 poursuivre le combat, aura pour mission de renforcer l\u2019engagement citoyen et d\u2019incarner l\u2019espoir d\u2019un avenir meilleur pour le S\u00e9n\u00e9gal et le continent. Elle aura la responsabilit\u00e9 de porter et mener l\u2019action du mouvement pour les trois prochaines ann\u00e9es.<\/p>\n\n\n\n<p>source dakaractu<\/p>\n","protected":false},"excerpt":{"rendered":"<p>Le mouvement Y\u2019en a marre s\u2019engage \u00e0 porter plus que jamais haut le flambeau de la r\u00e9sistance et de la<\/p>\n","protected":false},"author":1,"featured_media":54907,"comment_status":"open","ping_status":"open","sticky":false,"template":"","format":"standard","meta":{"footnotes":""},"categories":[26],"tags":[],"class_list":["post-54906","post","type-post","status-publish","format-standard","has-post-thumbnail","hentry","category-fait-divers"],"_links":{"self":[{"href":"https:\/\/dekkbi.com\/index.php?rest_route=\/wp\/v2\/posts\/54906","targetHints":{"allow":["GET"]}}],"collection":[{"href":"https:\/\/dekkbi.com\/index.php?rest_route=\/wp\/v2\/posts"}],"about":[{"href":"https:\/\/dekkbi.com\/index.php?rest_route=\/wp\/v2\/types\/post"}],"author":[{"embeddable":true,"href":"https:\/\/dekkbi.com\/index.php?rest_route=\/wp\/v2\/users\/1"}],"replies":[{"embeddable":true,"href":"https:\/\/dekkbi.com\/index.php?rest_route=%2Fwp%2Fv2%2Fcomments&post=54906"}],"version-history":[{"count":1,"href":"https:\/\/dekkbi.com\/index.php?rest_route=\/wp\/v2\/posts\/54906\/revisions"}],"predecessor-version":[{"id":54908,"href":"https:\/\/dekkbi.com\/index.php?rest_route=\/wp\/v2\/posts\/54906\/revisions\/54908"}],"wp:featuredmedia":[{"embeddable":true,"href":"https:\/\/dekkbi.com\/index.php?rest_route=\/wp\/v2\/media\/54907"}],"wp:attachment":[{"href":"https:\/\/dekkbi.com\/index.php?rest_route=%2Fwp%2Fv2%2Fmedia&parent=54906"}],"wp:term":[{"taxonomy":"category","embeddable":true,"href":"https:\/\/dekkbi.com\/index.php?rest_route=%2Fwp%2Fv2%2Fcategories&post=54906"},{"taxonomy":"post_tag","embeddable":true,"href":"https:\/\/dekkbi.com\/index.php?rest_route=%2Fwp%2Fv2%2Ftags&post=54906"}],"curies":[{"name":"wp","href":"https:\/\/api.w.org\/{rel}","templated":true}]}}