{"id":54865,"date":"2025-04-14T09:10:57","date_gmt":"2025-04-14T09:10:57","guid":{"rendered":"https:\/\/dekkbi.com\/?p=54865"},"modified":"2025-04-14T09:10:58","modified_gmt":"2025-04-14T09:10:58","slug":"deces-du-comedien-moustapha-diop-de-daaray-kocc","status":"publish","type":"post","link":"https:\/\/dekkbi.com\/?p=54865","title":{"rendered":"D\u00e9c\u00e8s du com\u00e9dien Moustapha Diop de Daaray Kocc"},"content":{"rendered":"\n<p>Dakar, (APS) \u2013 Le com\u00e9dien s\u00e9n\u00e9galais Moustapha Diop de la troupe th\u00e9\u00e2trale Daaray Kocc est d\u00e9c\u00e9d\u00e9, dimanche, \u00e0 Thi\u00e8s, a-t-on appris de Pape Faye, pr\u00e9sident de l\u2019Association des artistes com\u00e9diens du th\u00e9\u00e2tre s\u00e9n\u00e9galais (Arcots).<\/p>\n\n\n\n<p>Le d\u00e9funt com\u00e9dien sera inhum\u00e9, lundi, au cimeti\u00e8re de Yoff \u00e0 Dakar, ajoute le pr\u00e9sident de l\u2019ARCOTS.<\/p>\n\n\n\n<p>Pape Faye, a rappel\u00e9 que Moustapha Diop a \u00e9t\u00e9 un des membres fondateurs du Daaray Kocc avec Cheikh Tidiane Diop, apr\u00e8s leur passage \u00e0 la troupe th\u00e9\u00e2trale Diamanoy Tey.<\/p>\n\n\n\n<p>\u201dMoustapha Diop a \u00e9t\u00e9 secr\u00e9taire g\u00e9n\u00e9ral l\u2019ARCOTS \u00e0 sa cr\u00e9ation avec comme pr\u00e9sident Mamadou Ndiaye Doss\u201d, a-t-il ajout\u00e9, signalant avoir partag\u00e9 avec lui beaucoup de plateau.<\/p>\n\n\n\n<p>\u201dLe S\u00e9n\u00e9gal et l\u2019Afrique perd un artiste de valeur\u201d, a dit le conteur Massamba Mbaye qui estime que le d\u00e9funt a eu une \u201dimmense\u201d carri\u00e8re.<\/p>\n\n\n\n<p>Moustapha Diop a \u00e9galement jou\u00e9 au cours de sa carri\u00e8re dans beaucoup de films de r\u00e9alisateurs s\u00e9n\u00e9galais et pi\u00e8ces th\u00e9\u00e2trales dont la plus c\u00e9l\u00e8bre est \u201dUn DG peut en cacher un autre\u201d.<\/p>\n\n\n\n<p>Figure embl\u00e9matique du th\u00e9\u00e2tre s\u00e9n\u00e9galais, il a jou\u00e9 comme acteur dans plusieurs films du r\u00e9alisateur s\u00e9n\u00e9galais Sembene Ousmane, notamment, dans \u201dGuelwaar\u201d (1992), \u201dFaat Kine\u201d (2001) et a pr\u00eat\u00e9 sa voix dans le film d\u2019animation \u201dKirikou et la sorci\u00e8re\u201d de Michel Ocelot.<\/p>\n\n\n\n<p>FKS\/AB\/MK<\/p>\n","protected":false},"excerpt":{"rendered":"<p>Dakar, (APS) \u2013 Le com\u00e9dien s\u00e9n\u00e9galais Moustapha Diop de la troupe th\u00e9\u00e2trale Daaray Kocc est d\u00e9c\u00e9d\u00e9, dimanche, \u00e0 Thi\u00e8s, a-t-on<\/p>\n","protected":false},"author":1,"featured_media":54866,"comment_status":"open","ping_status":"open","sticky":false,"template":"","format":"standard","meta":{"footnotes":""},"categories":[26],"tags":[],"class_list":["post-54865","post","type-post","status-publish","format-standard","has-post-thumbnail","hentry","category-fait-divers"],"_links":{"self":[{"href":"https:\/\/dekkbi.com\/index.php?rest_route=\/wp\/v2\/posts\/54865","targetHints":{"allow":["GET"]}}],"collection":[{"href":"https:\/\/dekkbi.com\/index.php?rest_route=\/wp\/v2\/posts"}],"about":[{"href":"https:\/\/dekkbi.com\/index.php?rest_route=\/wp\/v2\/types\/post"}],"author":[{"embeddable":true,"href":"https:\/\/dekkbi.com\/index.php?rest_route=\/wp\/v2\/users\/1"}],"replies":[{"embeddable":true,"href":"https:\/\/dekkbi.com\/index.php?rest_route=%2Fwp%2Fv2%2Fcomments&post=54865"}],"version-history":[{"count":1,"href":"https:\/\/dekkbi.com\/index.php?rest_route=\/wp\/v2\/posts\/54865\/revisions"}],"predecessor-version":[{"id":54867,"href":"https:\/\/dekkbi.com\/index.php?rest_route=\/wp\/v2\/posts\/54865\/revisions\/54867"}],"wp:featuredmedia":[{"embeddable":true,"href":"https:\/\/dekkbi.com\/index.php?rest_route=\/wp\/v2\/media\/54866"}],"wp:attachment":[{"href":"https:\/\/dekkbi.com\/index.php?rest_route=%2Fwp%2Fv2%2Fmedia&parent=54865"}],"wp:term":[{"taxonomy":"category","embeddable":true,"href":"https:\/\/dekkbi.com\/index.php?rest_route=%2Fwp%2Fv2%2Fcategories&post=54865"},{"taxonomy":"post_tag","embeddable":true,"href":"https:\/\/dekkbi.com\/index.php?rest_route=%2Fwp%2Fv2%2Ftags&post=54865"}],"curies":[{"name":"wp","href":"https:\/\/api.w.org\/{rel}","templated":true}]}}