{"id":54842,"date":"2025-04-13T10:06:35","date_gmt":"2025-04-13T10:06:35","guid":{"rendered":"https:\/\/dekkbi.com\/?p=54842"},"modified":"2025-04-13T10:06:36","modified_gmt":"2025-04-13T10:06:36","slug":"manque-de-prise-en-charge-stigmatisation-la-lutte-brulante-des-albinos","status":"publish","type":"post","link":"https:\/\/dekkbi.com\/?p=54842","title":{"rendered":"Manque de prise en charge, stigmatisation La lutte br\u00fblante des albinos"},"content":{"rendered":"\n<p>Depuis longtemps, le combat des albinos tourne autour de points vitaux : discrimination, pauvret\u00e9 et oubli institutionnel. Malgr\u00e9 l\u2019engagement de l\u2019Association nationale des albinos du S\u00e9n\u00e9gal, l\u2019indiff\u00e9rence est leur quotidien.Les personnes vivant avec l\u2019albinisme au S\u00e9n\u00e9gal continuent de faire face \u00e0 une marginalisation persistante, marqu\u00e9e par l\u2019inaccessibilit\u00e9 \u00e0 l\u2019\u00e9ducation, aux soins de sant\u00e9, aux protections solaires, et surtout par l\u2019indiff\u00e9rence politique. Malgr\u00e9 les textes internationaux et nationaux cens\u00e9s les prot\u00e9ger, leur quotidien reste un combat permanent. Mouhamadou Bamba Diop, pr\u00e9sident de l\u2019Association nationale des albinos du S\u00e9n\u00e9gal (Anas) et de la Fondation des personnes vivant avec l\u2019albinisme au S\u00e9n\u00e9gal et en Afrique, tire la sonnette d\u2019alarme. \u00abDepuis 1960, nous courons apr\u00e8s une loi d\u2019orientation sociale qui tarde \u00e0 \u00eatre appliqu\u00e9e\u00bb, d\u00e9plore-t-il. Pour lui, le constat est amer\u202f: les albinos sont laiss\u00e9s-pour-compte, oubli\u00e9s par les politiques publiques, exclus des recensements, marginalis\u00e9s dans l\u2019emploi et abandonn\u00e9s face \u00e0 des pathologies sp\u00e9cifiques qui affectent leur quotidien.Chaque ann\u00e9e, sa fondation organise, pendant le Ramadan, une journ\u00e9e de solidarit\u00e9 pour venir en aide aux albinos. \u00abLa plupart doivent aller vendre sur la route ou travailler aux champs pour simplement pouvoir manger. Certains sont dipl\u00f4m\u00e9s, tr\u00e8s intelligents, mais restent sans emploi, condamn\u00e9s \u00e0 l\u2019errance ou \u00e0 la mendicit\u00e9\u00bb, regrette M. Diop.<\/p>\n\n\n\n<p>L\u2019absence de volont\u00e9 politique est, selon lui, le principal frein \u00e0 l\u2019am\u00e9lioration de la condition des albinos. \u00abIl y a une volont\u00e9 politique qui n\u2019est pas inclusive. Elle oublie les minorit\u00e9s, et particuli\u00e8rement les albinos, \u00e0 tous les niveaux\u00bb, dit-il. La loi d\u2019orientation sociale, bien qu\u2019adopt\u00e9e, reste inop\u00e9rante, et les institutions peinent \u00e0 int\u00e9grer cette communaut\u00e9 dans leurs programmes. \u00abQuand le nombre exact d\u2019une population n\u2019est pas connu, on ne peut pas \u00e9laborer des projets cons\u00e9quents. Les agences de recensement nous ignorent. Nous ne sommes nulle part, ni dans les chiffres ni dans les politiques\u00bb, ajoute M. Bamba Diop.<\/p>\n\n\n\n<p>LEQUOTIDIEN<\/p>\n","protected":false},"excerpt":{"rendered":"<p>Depuis longtemps, le combat des albinos tourne autour de points vitaux : discrimination, pauvret\u00e9 et oubli institutionnel. Malgr\u00e9 l\u2019engagement de<\/p>\n","protected":false},"author":1,"featured_media":54843,"comment_status":"open","ping_status":"open","sticky":false,"template":"","format":"standard","meta":{"footnotes":""},"categories":[21],"tags":[],"class_list":["post-54842","post","type-post","status-publish","format-standard","has-post-thumbnail","hentry","category-societe"],"_links":{"self":[{"href":"https:\/\/dekkbi.com\/index.php?rest_route=\/wp\/v2\/posts\/54842","targetHints":{"allow":["GET"]}}],"collection":[{"href":"https:\/\/dekkbi.com\/index.php?rest_route=\/wp\/v2\/posts"}],"about":[{"href":"https:\/\/dekkbi.com\/index.php?rest_route=\/wp\/v2\/types\/post"}],"author":[{"embeddable":true,"href":"https:\/\/dekkbi.com\/index.php?rest_route=\/wp\/v2\/users\/1"}],"replies":[{"embeddable":true,"href":"https:\/\/dekkbi.com\/index.php?rest_route=%2Fwp%2Fv2%2Fcomments&post=54842"}],"version-history":[{"count":1,"href":"https:\/\/dekkbi.com\/index.php?rest_route=\/wp\/v2\/posts\/54842\/revisions"}],"predecessor-version":[{"id":54844,"href":"https:\/\/dekkbi.com\/index.php?rest_route=\/wp\/v2\/posts\/54842\/revisions\/54844"}],"wp:featuredmedia":[{"embeddable":true,"href":"https:\/\/dekkbi.com\/index.php?rest_route=\/wp\/v2\/media\/54843"}],"wp:attachment":[{"href":"https:\/\/dekkbi.com\/index.php?rest_route=%2Fwp%2Fv2%2Fmedia&parent=54842"}],"wp:term":[{"taxonomy":"category","embeddable":true,"href":"https:\/\/dekkbi.com\/index.php?rest_route=%2Fwp%2Fv2%2Fcategories&post=54842"},{"taxonomy":"post_tag","embeddable":true,"href":"https:\/\/dekkbi.com\/index.php?rest_route=%2Fwp%2Fv2%2Ftags&post=54842"}],"curies":[{"name":"wp","href":"https:\/\/api.w.org\/{rel}","templated":true}]}}