{"id":54840,"date":"2025-04-13T10:01:00","date_gmt":"2025-04-13T10:01:00","guid":{"rendered":"https:\/\/dekkbi.com\/?p=54840"},"modified":"2025-04-13T10:01:00","modified_gmt":"2025-04-13T10:01:00","slug":"arrestation-du-red-chef-de-sen-tv-zik-fm-mauvaise-bag-pour-simon-faye","status":"publish","type":"post","link":"https:\/\/dekkbi.com\/?p=54840","title":{"rendered":"Arrestation du Red Chef de Sen Tv\/Zik Fm : MAUVAISE BAG POUR SIMON FAYE"},"content":{"rendered":"\n<p>Simon Faye sera pr\u00e9sent\u00e9, lundi, au Parquet pour diffusion de fausses nouvelles. Le Synpics, qui regrette cette arrestation, lui apporte son soutien. Par Mame Woury THIOUBOU<\/p>\n\n\n\n<p>Le r\u00e9dacteur en chef de la SenTv\/Zik Fm, Simon Faye, a \u00e9t\u00e9 plac\u00e9 en garde \u00e0 vue, depuis ce jeudi, par la Brigade des affaires g\u00e9n\u00e9rales de la police et va \u00eatre d\u00e9f\u00e9r\u00e9 lundi pour diffusion de fausses nouvelles. Ses confr\u00e8res du Syndicat des professionnels de l\u2019information et de la communication (Synpics) lui apportent leur soutien. Dans ses r\u00e9ponses aux questions des flics, le journaliste assure qu\u2019il ne conna\u00eet pas cette page Facebook au nom de Zik Fm et ignorait son existence. Il l\u2019aurait su gr\u00e2ce aux policiers-enqu\u00eateurs et n\u2019est au courant d\u2019une quelconque production d\u2019un journaliste sous sa responsabilit\u00e9 sur cette page.<\/p>\n\n\n\n<p>Dans un communiqu\u00e9, le Synpics dit apporter \u00abun soutien total\u00bb au confr\u00e8re. \u00abLe Synpics d\u00e9nonce avec vigueur cette arrestation et apporte son soutien total au confr\u00e8re Simon Faye, ainsi qu\u2019\u00e0 l\u2019ensemble du personnel du groupe de presse DM\u00e9dia\u00bb, indique le document. Marquant son \u00ab\u00e9tonnement\u00bb face \u00e0 cette arrestation, le syndicat dirig\u00e9 par Moustapha Ciss\u00e9 pr\u00e9cise que Simon Faye \u00abn\u2019est pas l\u2019auteur de l\u2019article, ni le premier diffuseur\u00bb. \u00abPire, cette pratique rappelle aux confr\u00e8res s\u00e9n\u00e9galais les derni\u00e8res ann\u00e9es v\u00e9cues sous le d\u00e9funt r\u00e9gime, avec les arrestations, convocations et emprisonnements tous azimuts de journalistes\u00bb, poursuit le communiqu\u00e9.<\/p>\n\n\n\n<p>SOURCE LE QUOTIDIEN <\/p>\n","protected":false},"excerpt":{"rendered":"<p>Simon Faye sera pr\u00e9sent\u00e9, lundi, au Parquet pour diffusion de fausses nouvelles. Le Synpics, qui regrette cette arrestation, lui apporte<\/p>\n","protected":false},"author":1,"featured_media":54770,"comment_status":"open","ping_status":"open","sticky":false,"template":"","format":"standard","meta":{"footnotes":""},"categories":[26],"tags":[],"class_list":["post-54840","post","type-post","status-publish","format-standard","has-post-thumbnail","hentry","category-fait-divers"],"_links":{"self":[{"href":"https:\/\/dekkbi.com\/index.php?rest_route=\/wp\/v2\/posts\/54840","targetHints":{"allow":["GET"]}}],"collection":[{"href":"https:\/\/dekkbi.com\/index.php?rest_route=\/wp\/v2\/posts"}],"about":[{"href":"https:\/\/dekkbi.com\/index.php?rest_route=\/wp\/v2\/types\/post"}],"author":[{"embeddable":true,"href":"https:\/\/dekkbi.com\/index.php?rest_route=\/wp\/v2\/users\/1"}],"replies":[{"embeddable":true,"href":"https:\/\/dekkbi.com\/index.php?rest_route=%2Fwp%2Fv2%2Fcomments&post=54840"}],"version-history":[{"count":1,"href":"https:\/\/dekkbi.com\/index.php?rest_route=\/wp\/v2\/posts\/54840\/revisions"}],"predecessor-version":[{"id":54841,"href":"https:\/\/dekkbi.com\/index.php?rest_route=\/wp\/v2\/posts\/54840\/revisions\/54841"}],"wp:featuredmedia":[{"embeddable":true,"href":"https:\/\/dekkbi.com\/index.php?rest_route=\/wp\/v2\/media\/54770"}],"wp:attachment":[{"href":"https:\/\/dekkbi.com\/index.php?rest_route=%2Fwp%2Fv2%2Fmedia&parent=54840"}],"wp:term":[{"taxonomy":"category","embeddable":true,"href":"https:\/\/dekkbi.com\/index.php?rest_route=%2Fwp%2Fv2%2Fcategories&post=54840"},{"taxonomy":"post_tag","embeddable":true,"href":"https:\/\/dekkbi.com\/index.php?rest_route=%2Fwp%2Fv2%2Ftags&post=54840"}],"curies":[{"name":"wp","href":"https:\/\/api.w.org\/{rel}","templated":true}]}}