{"id":54823,"date":"2025-04-11T11:29:45","date_gmt":"2025-04-11T11:29:45","guid":{"rendered":"https:\/\/dekkbi.com\/?p=54823"},"modified":"2025-04-11T11:29:46","modified_gmt":"2025-04-11T11:29:46","slug":"mbappe-accelere-et-fait-saisir-55-millions-deuros-sur-les-comptes-du-psg","status":"publish","type":"post","link":"https:\/\/dekkbi.com\/?p=54823","title":{"rendered":"Mbapp\u00e9 acc\u00e9l\u00e8re et fait saisir 55 millions d&rsquo;euros sur les comptes du PSG"},"content":{"rendered":"\n<p>Par Baptiste BECQUART et Alice LEFEBVRE \u00a9 2025 AFP &#8211; Saisie conservatoire de 55 millions d&rsquo;euros sur les comptes du PSG, prud&rsquo;hommes: les avocats de Kylian Mbapp\u00e9 ont enclench\u00e9 jeudi une vaste offensive pour des salaires et primes impay\u00e9s par son ancien club, qui d\u00e9nonce un \u00ab\u00a0r\u00e9cit fantasque\u00a0\u00bb et nie toute infraction.<\/p>\n\n\n\n<p>Mercredi, l&rsquo;attaquant du Real Madrid a sollicit\u00e9 le juge de l&rsquo;ex\u00e9cution du tribunal judiciaire de Paris et \u00ab\u00a0obtenu le droit de pratiquer une saisie conservatoire\u00a0\u00bb, ont indiqu\u00e9 ses avocats lors d&rsquo;une conf\u00e9rence de presse \u00e0 Paris. Elle a eu lieu jeudi \u00ab\u00a0\u00e0 hauteur de 55.416.668 euros\u00a0\u00bb via un commissaire de justice.<\/p>\n\n\n\n<p>Pour le PSG, le revers n&rsquo;est que provisoire en attendant l&rsquo;examen du litige sur le fond, qui interviendra dans plusieurs mois, et la proc\u00e9dure prud&rsquo;homale.<\/p>\n\n\n\n<p>Mais c&rsquo;est une d\u00e9faite cinglante: le club voit cette somme importante \u00eatre immobilis\u00e9e, ce qui renverse les positions alors que le conflit en justice menace de durer plusieurs ann\u00e9es.<\/p>\n\n\n\n<p>Qatar Sports Investments (QSI), propri\u00e9taire du PSG, a certes des ressources quasi illimit\u00e9es mais le montant est \u00e0 mettre en rapport avec les 800 millions d&rsquo;euros de budget annuel du club, qui doit rester dans les clous du fair-play financier. Ousmane Demb\u00e9l\u00e9, joueur phare de l&rsquo;effectif, a ainsi \u00e9t\u00e9 recrut\u00e9 en 2023 pour environ 50 millions d&rsquo;euros.<\/p>\n\n\n\n<h2 class=\"wp-block-heading\">\u00ab\u00a0Mauvais payeur\u00a0\u00bb<\/h2>\n\n\n\n<p>L&rsquo;organisation d&rsquo;une conf\u00e9rence de presse, une premi\u00e8re depuis le d\u00e9but du conflit, indiquait cette volont\u00e9 d&rsquo;enclencher la vitesse sup\u00e9rieure. \u00ab\u00a0On passe \u00e0 l&rsquo;attaque\u00a0\u00bb, a r\u00e9sum\u00e9 l&rsquo;avocate Delphine Verheyden.<\/p>\n\n\n\n<p>Le camp Mbapp\u00e9 a \u00e9galement annonc\u00e9 qu&rsquo;il allait saisir le conseil des prud&rsquo;hommes. \u00ab\u00a0Il y a juste un salari\u00e9 face \u00e0 un mauvais payeur\u00a0\u00bb, a d\u00e9nonc\u00e9 Me Verheyden, ajoutant: \u00ab\u00a0Kylian Mbapp\u00e9 assume de faire respecter ses droits, pour lui mais aussi pour tous les autres joueurs\u00a0\u00bb l\u00e9s\u00e9s par leurs clubs.<\/p>\n\n\n\n<p>\u00ab\u00a0Un r\u00e9cit fantasque relevant d\u2019un univers parall\u00e8le\u00a0\u00bb, a r\u00e9pliqu\u00e9 un porte-parole du PSG, qui a n\u00e9anmoins r\u00e9it\u00e9r\u00e9 la volont\u00e9 du club de \u00ab\u00a0parvenir \u00e0 une issue amiable\u00a0\u00bb. Les proc\u00e9dures annonc\u00e9es \u00ab\u00a0ne font que retarder la r\u00e9solution du litige par le conseil des prud\u2019hommes devant lequel le PSG est pr\u00eat \u00e0 exposer l\u2019ensemble des faits, preuves et t\u00e9moignages prouvant l\u2019existence d&rsquo;un accord, ou mieux par la voie de la transaction que le PSG appelle de ses v\u0153ux depuis plus d\u2019un an\u00a0\u00bb, a-t-il dit.<\/p>\n\n\n\n<p>L&rsquo;attaquant a aussi d\u00e9pos\u00e9 plainte contre X pour injures publiques, visant des publications sur les r\u00e9seaux sociaux, qu&rsquo;il soup\u00e7onne d&rsquo;avoir \u00e9t\u00e9 commandit\u00e9es par le PSG. Et il s&rsquo;est joint \u00e0 une plainte du syndicat des joueurs fran\u00e7ais UNFP concernant la pratique r\u00e9currente du \u00ab\u00a0loft\u00a0\u00bb &#8211; mise \u00e0 l&rsquo;\u00e9cart &#8211; chez des clubs.<\/p>\n\n\n\n<h2 class=\"wp-block-heading\">\u00ab\u00a0Mbapp\u00e9 ne va pas gagner\u00a0\u00bb<\/h2>\n\n\n\n<p>Ce dossier empoisonne depuis longtemps les relations du joueur avec son ancien club. Mbapp\u00e9 avait ainsi \u00e9t\u00e9 mis \u00e0 l&rsquo;\u00e9cart au d\u00e9but de la saison 2023-24 par le PSG, qui a finalement d\u00fb se r\u00e9soudre \u00e0 laisser gratuitement partir sa star \u00e0 Madrid l&rsquo;\u00e9t\u00e9 suivant.<\/p>\n\n\n\n<p>Mais c&rsquo;est la retenue des trois derniers mois de salaire ainsi que des primes \u00e0 la signature et d&rsquo;\u00e9thique de la fin de cet exercice qui est au coeur du litige.<\/p>\n\n\n\n<p>Les deux camps ont longtemps ferraill\u00e9 devant les instances sportives, comme la F\u00e9d\u00e9ration fran\u00e7aise de football (FFF) et la Ligue de football professionnel (LFP), qui se sont dit inaptes \u00e0 faire ex\u00e9cuter leurs d\u00e9cisions favorables au joueur, du fait de la proc\u00e9dure engag\u00e9e devant la justice.<\/p>\n\n\n\n<p>Le PSG assure que les deux parties avaient nou\u00e9 un accord durant l&rsquo;\u00e9t\u00e9 2023 pour d\u00e9nouer la crise, stipulant que le joueur, appel\u00e9 \u00e0 partir sans indemnit\u00e9 de transfert, abandonnait environ 55 millions d&rsquo;euros de la fin de son contrat pour pr\u00e9server la sant\u00e9 financi\u00e8re du club. Un accord verbal \u00e0 valeur juridique, selon le club, \u00ab\u00a0une fable\u00a0\u00bb selon un autre avocat de Mbapp\u00e9, Thomas Clay.<\/p>\n\n\n\n<p>\u00ab\u00a0Rien n&rsquo;a chang\u00e9, nous irons aux prud&rsquo;hommes sans probl\u00e8me\u00a0\u00bb, a confi\u00e9 l&rsquo;entourage de la direction du club aupr\u00e8s de l&rsquo;AFP. Kylian Mbapp\u00e9 \u00ab\u00a0ne va pas gagner\u00a0\u00bb.<\/p>\n\n\n\n<p>Le joueur appuie aussi sur le levier sportif. Il a saisi le 9 avril \u00ab\u00a0la FFF pour qu\u2019elle indique \u00e0 l&rsquo;UEFA, conform\u00e9ment \u00e0 ses obligations, l&rsquo;existence d\u2019un impay\u00e9 du PSG qui priverait le PSG de sa licence UEFA pour la Ligue des champions lors de la saison 2025-2026\u00a0\u00bb, ont indiqu\u00e9 ses avocats. Et a saisi la ministre des Sports par un d\u00e9f\u00e9r\u00e9 minist\u00e9riel devant le tribunal administratif. \u00ab\u00a0On fait monter d&rsquo;un cran la cha\u00eene de responsabilit\u00e9\u00a0\u00bb, a pr\u00e9venu Delphine Verheyden.<\/p>\n","protected":false},"excerpt":{"rendered":"<p>Par Baptiste BECQUART et Alice LEFEBVRE \u00a9 2025 AFP &#8211; Saisie conservatoire de 55 millions d&rsquo;euros sur les comptes du<\/p>\n","protected":false},"author":1,"featured_media":54824,"comment_status":"open","ping_status":"open","sticky":false,"template":"","format":"standard","meta":{"footnotes":""},"categories":[9],"tags":[],"class_list":["post-54823","post","type-post","status-publish","format-standard","has-post-thumbnail","hentry","category-sports"],"_links":{"self":[{"href":"https:\/\/dekkbi.com\/index.php?rest_route=\/wp\/v2\/posts\/54823","targetHints":{"allow":["GET"]}}],"collection":[{"href":"https:\/\/dekkbi.com\/index.php?rest_route=\/wp\/v2\/posts"}],"about":[{"href":"https:\/\/dekkbi.com\/index.php?rest_route=\/wp\/v2\/types\/post"}],"author":[{"embeddable":true,"href":"https:\/\/dekkbi.com\/index.php?rest_route=\/wp\/v2\/users\/1"}],"replies":[{"embeddable":true,"href":"https:\/\/dekkbi.com\/index.php?rest_route=%2Fwp%2Fv2%2Fcomments&post=54823"}],"version-history":[{"count":1,"href":"https:\/\/dekkbi.com\/index.php?rest_route=\/wp\/v2\/posts\/54823\/revisions"}],"predecessor-version":[{"id":54825,"href":"https:\/\/dekkbi.com\/index.php?rest_route=\/wp\/v2\/posts\/54823\/revisions\/54825"}],"wp:featuredmedia":[{"embeddable":true,"href":"https:\/\/dekkbi.com\/index.php?rest_route=\/wp\/v2\/media\/54824"}],"wp:attachment":[{"href":"https:\/\/dekkbi.com\/index.php?rest_route=%2Fwp%2Fv2%2Fmedia&parent=54823"}],"wp:term":[{"taxonomy":"category","embeddable":true,"href":"https:\/\/dekkbi.com\/index.php?rest_route=%2Fwp%2Fv2%2Fcategories&post=54823"},{"taxonomy":"post_tag","embeddable":true,"href":"https:\/\/dekkbi.com\/index.php?rest_route=%2Fwp%2Fv2%2Ftags&post=54823"}],"curies":[{"name":"wp","href":"https:\/\/api.w.org\/{rel}","templated":true}]}}