{"id":54795,"date":"2025-04-11T10:54:21","date_gmt":"2025-04-11T10:54:21","guid":{"rendered":"https:\/\/dekkbi.com\/?p=54795"},"modified":"2025-04-11T10:54:57","modified_gmt":"2025-04-11T10:54:57","slug":"ceremonie-de-levee-du-corps-de-mamadou-badio-camara-president-du-conseil-constitutionnel","status":"publish","type":"post","link":"https:\/\/dekkbi.com\/?p=54795","title":{"rendered":"C\u00e9r\u00e9monie de lev\u00e9e du corps de Mamadou Badio Camara"},"content":{"rendered":"\n<p>D\u00e9c\u00e9d\u00e9 jeudi 10 avril \u00e0 Dakar, \u00e0 l\u2019\u00e2ge de 73 ans, Mamadou Badio Camara, Pr\u00e9sident du Conseil constitutionnel, sera inhum\u00e9 ce jour, vendredi 11 avril, au cimeti\u00e8re de Pikine . <\/p>\n\n\n\n<p>Suivez la c\u00e9r\u00e9monie de lev\u00e9e du corps  \u00e0 l\u2019h\u00f4pital principal de Dakar.  (SOURCE IGFM)<\/p>\n\n\n\n<p><\/p>\n\n\n\n<figure class=\"wp-block-embed is-type-rich is-provider-prise-en-charge-des-contenus-embarqu-s wp-block-embed-prise-en-charge-des-contenus-embarqu-s wp-embed-aspect-16-9 wp-has-aspect-ratio\"><div class=\"wp-block-embed__wrapper\">\n<iframe loading=\"lazy\" title=\"DIRECT- La c\u00e9r\u00e9monie de lev\u00e9e du corps de Mamadou Badio Camara, Pr\u00e9sident du Conseil Constitutionnel\" width=\"800\" height=\"450\" src=\"https:\/\/www.youtube.com\/embed\/9W3uHvwNq6M?feature=oembed\" frameborder=\"0\" allow=\"accelerometer; autoplay; clipboard-write; encrypted-media; gyroscope; picture-in-picture; web-share\" referrerpolicy=\"strict-origin-when-cross-origin\" allowfullscreen><\/iframe>\n<\/div><\/figure>\n","protected":false},"excerpt":{"rendered":"<p>D\u00e9c\u00e9d\u00e9 jeudi 10 avril \u00e0 Dakar, \u00e0 l\u2019\u00e2ge de 73 ans, Mamadou Badio Camara, Pr\u00e9sident du Conseil constitutionnel, sera inhum\u00e9<\/p>\n","protected":false},"author":1,"featured_media":54797,"comment_status":"open","ping_status":"open","sticky":false,"template":"","format":"standard","meta":{"footnotes":""},"categories":[26],"tags":[],"class_list":["post-54795","post","type-post","status-publish","format-standard","has-post-thumbnail","hentry","category-fait-divers"],"_links":{"self":[{"href":"https:\/\/dekkbi.com\/index.php?rest_route=\/wp\/v2\/posts\/54795","targetHints":{"allow":["GET"]}}],"collection":[{"href":"https:\/\/dekkbi.com\/index.php?rest_route=\/wp\/v2\/posts"}],"about":[{"href":"https:\/\/dekkbi.com\/index.php?rest_route=\/wp\/v2\/types\/post"}],"author":[{"embeddable":true,"href":"https:\/\/dekkbi.com\/index.php?rest_route=\/wp\/v2\/users\/1"}],"replies":[{"embeddable":true,"href":"https:\/\/dekkbi.com\/index.php?rest_route=%2Fwp%2Fv2%2Fcomments&post=54795"}],"version-history":[{"count":2,"href":"https:\/\/dekkbi.com\/index.php?rest_route=\/wp\/v2\/posts\/54795\/revisions"}],"predecessor-version":[{"id":54799,"href":"https:\/\/dekkbi.com\/index.php?rest_route=\/wp\/v2\/posts\/54795\/revisions\/54799"}],"wp:featuredmedia":[{"embeddable":true,"href":"https:\/\/dekkbi.com\/index.php?rest_route=\/wp\/v2\/media\/54797"}],"wp:attachment":[{"href":"https:\/\/dekkbi.com\/index.php?rest_route=%2Fwp%2Fv2%2Fmedia&parent=54795"}],"wp:term":[{"taxonomy":"category","embeddable":true,"href":"https:\/\/dekkbi.com\/index.php?rest_route=%2Fwp%2Fv2%2Fcategories&post=54795"},{"taxonomy":"post_tag","embeddable":true,"href":"https:\/\/dekkbi.com\/index.php?rest_route=%2Fwp%2Fv2%2Ftags&post=54795"}],"curies":[{"name":"wp","href":"https:\/\/api.w.org\/{rel}","templated":true}]}}