{"id":54792,"date":"2025-04-11T10:47:05","date_gmt":"2025-04-11T10:47:05","guid":{"rendered":"https:\/\/dekkbi.com\/?p=54792"},"modified":"2025-04-11T11:37:07","modified_gmt":"2025-04-11T11:37:07","slug":"cote-divoire-tidjane-thiam-lhomme-sans-nationalite","status":"publish","type":"post","link":"https:\/\/dekkbi.com\/?p=54792","title":{"rendered":"C\u00f4te d\u2019Ivoire : Tidjane Thiam, l\u2019homme sans nationalit\u00e9 ?"},"content":{"rendered":"\n<p>Alors qu\u2019il brigue la magistrature supr\u00eame en C\u00f4te d\u2019Ivoire, Tidjane Thiam n\u2019est officiellement plus citoyen fran\u00e7ais depuis le 20 mars 2025. Cependant, la d\u00e9livrance de son certificat de nationalit\u00e9 ivoirienne a \u00e9t\u00e9 suspendue, relan\u00e7ant la pol\u00e9mique autour de son \u00e9ligibilit\u00e9.<\/p>\n\n\n\n<p>Le d\u00e9bat sur l\u2019\u00e9ligibilit\u00e9 de Tidjane Thiam \u00e0 la pr\u00e9sidentielle ivoirienne de 2025 ne cesse de prendre de l\u2019ampleur. Le jeudi 20 mars, le Journal officiel de la R\u00e9publique fran\u00e7aise a publi\u00e9 un d\u00e9cret confirmant\u00a0la perte de la nationalit\u00e9 fran\u00e7aise de l\u2019ancien financier devenu opposant politique.<\/p>\n\n\n\n<p>\u00ab Sont lib\u00e9r\u00e9s de leur all\u00e9geance \u00e0 l\u2019\u00e9gard de la France, les Fran\u00e7ais dont les noms suivent : Thiam (Cheick, Tidjane), n\u00e9 le 29\/07\/1962 \u00e0 Abidjan (C\u00f4te d\u2019Ivoire) \u00bb, peut-on lire dans le d\u00e9cret sign\u00e9 par le gouvernement fran\u00e7ais.<\/p>\n\n\n\n<p>Le pr\u00e9sident du Parti D\u00e9mocratique de C\u00f4te d\u2019Ivoire (PDCI) avait annonc\u00e9, d\u00e8s le 7 f\u00e9vrier dernier, avoir officiellement renonc\u00e9 \u00e0 sa nationalit\u00e9 fran\u00e7aise, condition indispensable pour pouvoir pr\u00e9tendre au fauteuil pr\u00e9sidentiel en vertu de la Constitution ivoirienne.<\/p>\n\n\n\n<p>Mais alors que cette \u00e9tape semblait franchie, un nouveau rebondissement freine ses ambitions politiques : la d\u00e9livrance de son certificat de nationalit\u00e9 ivoirienne a \u00e9t\u00e9 suspendue, cr\u00e9ant un flou juridique autour de sa candidature.<\/p>\n\n\n\n<p><strong>La justice ivoirienne suspend la d\u00e9livrance du certificat de nationalit\u00e9 de Tidjane Thiam<\/strong><\/p>\n\n\n\n<p>C\u2019est une v\u00e9ritable bombe politique : dans la soir\u00e9e du 10 avril 2025, la justice ivoirienne a suspendu la d\u00e9livrance du certificat de nationalit\u00e9 \u00e0 Tidjane Thiam. L\u2019information a \u00e9t\u00e9 rendue publique \u00e0 travers un communiqu\u00e9 sign\u00e9 par Aminata Tour\u00e9, pr\u00e9sidente du tribunal de premi\u00e8re instance d\u2019Abidjan.<\/p>\n\n\n\n<p>Cette d\u00e9cision survient quelques semaines seulement apr\u00e8s que le pr\u00e9sident du Parti D\u00e9mocratique de C\u00f4te d\u2019Ivoire (PDCI) a officiellement renonc\u00e9 \u00e0 sa nationalit\u00e9 fran\u00e7aise \u2014 une condition indispensable pour pouvoir briguer la magistrature supr\u00eame en 2025. Ce retrait, d\u00e9sormais effectif, laisse l&rsquo;ancien banquier dans une situation juridique in\u00e9dite, potentiellement apatride.<\/p>\n\n\n\n<p>Cette suspension intervient \u00e9galement \u00e0 la veille du jugement dans le proc\u00e8s civil qui l\u2019oppose \u00e0 Dame Val\u00e9rie Yapo, un contexte judiciaire d\u00e9j\u00e0 tendu pour le chef de file du PDCI.<\/p>\n\n\n\n<p>Pour l\u2019heure, ni le parti, ni Tidjane Thiam lui-m\u00eame n\u2019ont r\u00e9agi \u00e0 cette annonce. Reste \u00e0 savoir quelles seront les implications de cette d\u00e9cision sur sa candidature \u00e0 la prochaine \u00e9lection pr\u00e9sidentielle.<\/p>\n\n\n\n<figure class=\"wp-block-image\"><img decoding=\"async\" src=\"https:\/\/www.igfm.sn\/data\/igfm\/2025\/04\/th_8404.jpeg\" alt=\"\"\/><\/figure>\n\n\n\n<p>Cette d\u00e9cision intervient en pleine recrudescence de la question de l\u2019ivoirit\u00e9, un th\u00e8me sensible et r\u00e9current dans le d\u00e9bat politique ivoirien, notamment depuis les ann\u00e9es 2000. Tidjane Thiam, figure technocratique reconnue \u00e0 l\u2019international, se retrouve ainsi au c\u0153ur d\u2019un enjeu identitaire qui pourrait peser lourd sur l\u2019issue du scrutin de 2025.<\/p>\n\n\n\n<p><strong>Credit photo TidjaneThiam\/RFI&nbsp;<\/strong><\/p>\n","protected":false},"excerpt":{"rendered":"<p>Alors qu\u2019il brigue la magistrature supr\u00eame en C\u00f4te d\u2019Ivoire, Tidjane Thiam n\u2019est officiellement plus citoyen fran\u00e7ais depuis le 20 mars<\/p>\n","protected":false},"author":1,"featured_media":49235,"comment_status":"open","ping_status":"open","sticky":false,"template":"","format":"standard","meta":{"footnotes":""},"categories":[51],"tags":[],"class_list":["post-54792","post","type-post","status-publish","format-standard","has-post-thumbnail","hentry","category-general"],"_links":{"self":[{"href":"https:\/\/dekkbi.com\/index.php?rest_route=\/wp\/v2\/posts\/54792","targetHints":{"allow":["GET"]}}],"collection":[{"href":"https:\/\/dekkbi.com\/index.php?rest_route=\/wp\/v2\/posts"}],"about":[{"href":"https:\/\/dekkbi.com\/index.php?rest_route=\/wp\/v2\/types\/post"}],"author":[{"embeddable":true,"href":"https:\/\/dekkbi.com\/index.php?rest_route=\/wp\/v2\/users\/1"}],"replies":[{"embeddable":true,"href":"https:\/\/dekkbi.com\/index.php?rest_route=%2Fwp%2Fv2%2Fcomments&post=54792"}],"version-history":[{"count":3,"href":"https:\/\/dekkbi.com\/index.php?rest_route=\/wp\/v2\/posts\/54792\/revisions"}],"predecessor-version":[{"id":54833,"href":"https:\/\/dekkbi.com\/index.php?rest_route=\/wp\/v2\/posts\/54792\/revisions\/54833"}],"wp:featuredmedia":[{"embeddable":true,"href":"https:\/\/dekkbi.com\/index.php?rest_route=\/wp\/v2\/media\/49235"}],"wp:attachment":[{"href":"https:\/\/dekkbi.com\/index.php?rest_route=%2Fwp%2Fv2%2Fmedia&parent=54792"}],"wp:term":[{"taxonomy":"category","embeddable":true,"href":"https:\/\/dekkbi.com\/index.php?rest_route=%2Fwp%2Fv2%2Fcategories&post=54792"},{"taxonomy":"post_tag","embeddable":true,"href":"https:\/\/dekkbi.com\/index.php?rest_route=%2Fwp%2Fv2%2Ftags&post=54792"}],"curies":[{"name":"wp","href":"https:\/\/api.w.org\/{rel}","templated":true}]}}