{"id":54779,"date":"2025-04-11T10:32:45","date_gmt":"2025-04-11T10:32:45","guid":{"rendered":"https:\/\/dekkbi.com\/?p=54779"},"modified":"2025-04-11T10:32:46","modified_gmt":"2025-04-11T10:32:46","slug":"plus-de-100-corps-de-migrants-repeches-en-mauritanie-depuis-le-debut-de-lannee-ministre-mauritanien-des-affaires-etrangeres-mohamed-merzoug","status":"publish","type":"post","link":"https:\/\/dekkbi.com\/?p=54779","title":{"rendered":"Plus de 100 corps de migrants rep\u00each\u00e9s en Mauritanie depuis le d\u00e9but de l&rsquo;ann\u00e9e (Ministre mauritanien des Affaires \u00e9trang\u00e8res, Mohamed Merzoug)"},"content":{"rendered":"\n<p>Plus de 100 corps de personnes migrantes africaines ont \u00e9t\u00e9 rep\u00each\u00e9s sur les c\u00f4tes mauritaniennes depuis le d\u00e9but de l&rsquo;ann\u00e9e 2025, a d\u00e9clar\u00e9 jeudi le ministre mauritanien des Affaires \u00e9trang\u00e8res, Mohamed Salem Ould Merzoug, lors d&rsquo;une visite \u00e0 Bamako. Qualifiant cette situation de \u00ab\u00a0trag\u00e9die humaine\u00a0\u00bb, il a imput\u00e9 ces d\u00e9c\u00e8s \u00e0 des \u00ab\u00a0r\u00e9seaux criminels\u00a0\u00bb organisant l&rsquo;immigration irr\u00e9guli\u00e8re.<\/p>\n\n\n\n<p>La Mauritanie, pays sah\u00e9lien de la c\u00f4te atlantique, fait face ces derni\u00e8res semaines \u00e0 un afflux important de personnes cherchant \u00e0 rejoindre l&rsquo;Europe par la mer. Cette situation a conduit le pays \u00e0 mener des campagnes d&rsquo;expulsion de ces migrants, originaires notamment du S\u00e9n\u00e9gal, du Mali, de C\u00f4te d&rsquo;Ivoire et de Guin\u00e9e. Ces expulsions ont suscit\u00e9 de vives critiques dans la r\u00e9gion et engendr\u00e9 des tensions diplomatiques, notamment avec le Mali.<\/p>\n\n\n\n<p>Fin mars, le Mali avait exprim\u00e9 son indignation face aux traitements subis par ses ressortissants expuls\u00e9s de Mauritanie, d\u00e9non\u00e7ant une \u00ab\u00a0violation flagrante des droits humains\u00a0\u00bb et demandant l&rsquo;arr\u00eat imm\u00e9diat de ces pratiques.<\/p>\n\n\n\n<p>\u00ab\u00a0En 2024, plus de 500 corps de jeunes Africains ont \u00e9t\u00e9 rep\u00each\u00e9s sur nos c\u00f4tes et plus de 100 depuis le d\u00e9but de cette ann\u00e9e (2025). C&rsquo;est une trag\u00e9die humaine que nous devons affronter ensemble\u00a0\u00bb, a affirm\u00e9 M. Ould Merzoug, cit\u00e9 par la pr\u00e9sidence malienne sur les r\u00e9seaux sociaux.<\/p>\n\n\n\n<p>Le ministre a insist\u00e9 sur la n\u00e9cessit\u00e9 de \u00ab\u00a0combattre ces r\u00e9seaux criminels et d&rsquo;encourager une migration r\u00e9guli\u00e8re, s\u00fbre et ordonn\u00e9e, dans le strict respect des l\u00e9gislations nationales et des accords bilat\u00e9raux\u00a0\u00bb.<\/p>\n\n\n\n<p>Tentant d&rsquo;apaiser les tensions, M. Ould Merzoug a d\u00e9clar\u00e9 : \u00ab\u00a0Un Malien qui arrive en Mauritanie est chez lui, tout comme un Mauritanien qui se rend au Mali. Ceux qui sont en situation r\u00e9guli\u00e8re vivent en toute qui\u00e9tude. Les difficult\u00e9s concernent principalement les personnes non enregistr\u00e9es, ce qui requiert une meilleure organisation de part et d&rsquo;autre\u00a0\u00bb.<\/p>\n\n\n\n<p>Le chef de la diplomatie mauritanienne s&rsquo;est entretenu \u00e0 Bamako avec son homologue malien, Abdoulaye Diop, ainsi qu&rsquo;avec le chef de la junte malienne, le g\u00e9n\u00e9ral Assimi Go\u00efta. Les discussions ont port\u00e9 sur \u00ab\u00a0la gestion concert\u00e9e des flux migratoires\u00a0\u00bb, selon la pr\u00e9sidence malienne.<\/p>\n\n\n\n<p>Des organisations de d\u00e9fense des migrants en Mauritanie, telles que SOS Esclaves, ont d\u00e9nonc\u00e9 des arrestations de migrants dans le pays, les qualifiant d'\u00a0\u00bbinhumaines\u00a0\u00bb. De leur c\u00f4t\u00e9, les autorit\u00e9s mauritaniennes parlent d&rsquo;op\u00e9rations de \u00ab\u00a0routine\u00a0\u00bb ciblant les personnes en situation irr\u00e9guli\u00e8re, sans toutefois fournir de chiffres pr\u00e9cis sur l&rsquo;ampleur de ces refoulements.<\/p>\n\n\n\n<p>La Mauritanie est devenue un point de d\u00e9part fr\u00e9quent pour de nombreux migrants venant de diverses r\u00e9gions d&rsquo;Afrique, qui tentent la travers\u00e9e maritime vers l&rsquo;Europe en qu\u00eate de meilleures perspectives.<\/p>\n","protected":false},"excerpt":{"rendered":"<p>Plus de 100 corps de personnes migrantes africaines ont \u00e9t\u00e9 rep\u00each\u00e9s sur les c\u00f4tes mauritaniennes depuis le d\u00e9but de l&rsquo;ann\u00e9e<\/p>\n","protected":false},"author":1,"featured_media":53296,"comment_status":"open","ping_status":"open","sticky":false,"template":"","format":"standard","meta":{"footnotes":""},"categories":[26],"tags":[],"class_list":["post-54779","post","type-post","status-publish","format-standard","has-post-thumbnail","hentry","category-fait-divers"],"_links":{"self":[{"href":"https:\/\/dekkbi.com\/index.php?rest_route=\/wp\/v2\/posts\/54779","targetHints":{"allow":["GET"]}}],"collection":[{"href":"https:\/\/dekkbi.com\/index.php?rest_route=\/wp\/v2\/posts"}],"about":[{"href":"https:\/\/dekkbi.com\/index.php?rest_route=\/wp\/v2\/types\/post"}],"author":[{"embeddable":true,"href":"https:\/\/dekkbi.com\/index.php?rest_route=\/wp\/v2\/users\/1"}],"replies":[{"embeddable":true,"href":"https:\/\/dekkbi.com\/index.php?rest_route=%2Fwp%2Fv2%2Fcomments&post=54779"}],"version-history":[{"count":1,"href":"https:\/\/dekkbi.com\/index.php?rest_route=\/wp\/v2\/posts\/54779\/revisions"}],"predecessor-version":[{"id":54780,"href":"https:\/\/dekkbi.com\/index.php?rest_route=\/wp\/v2\/posts\/54779\/revisions\/54780"}],"wp:featuredmedia":[{"embeddable":true,"href":"https:\/\/dekkbi.com\/index.php?rest_route=\/wp\/v2\/media\/53296"}],"wp:attachment":[{"href":"https:\/\/dekkbi.com\/index.php?rest_route=%2Fwp%2Fv2%2Fmedia&parent=54779"}],"wp:term":[{"taxonomy":"category","embeddable":true,"href":"https:\/\/dekkbi.com\/index.php?rest_route=%2Fwp%2Fv2%2Fcategories&post=54779"},{"taxonomy":"post_tag","embeddable":true,"href":"https:\/\/dekkbi.com\/index.php?rest_route=%2Fwp%2Fv2%2Ftags&post=54779"}],"curies":[{"name":"wp","href":"https:\/\/api.w.org\/{rel}","templated":true}]}}