{"id":54767,"date":"2025-04-11T10:08:24","date_gmt":"2025-04-11T10:08:24","guid":{"rendered":"https:\/\/dekkbi.com\/?p=54767"},"modified":"2025-04-11T10:43:18","modified_gmt":"2025-04-11T10:43:18","slug":"encore-interdit-de-sortie-du-territoire-mansour-faye-denonce-une-agression-contre-letat-de-droit","status":"publish","type":"post","link":"https:\/\/dekkbi.com\/?p=54767","title":{"rendered":"Encore interdit de sortie du territoire : Mansour Faye d\u00e9nonce \u00abune agression contre l\u2019\u00c9tat de Droit\u00bb"},"content":{"rendered":"\n<p><strong>L\u2019ancien ministre et actuel maire de Saint-Louis a, une nouvelle fois, \u00e9t\u00e9 emp\u00each\u00e9 de quitter le territoire national, malgr\u00e9 une d\u00e9cision de la Cour supr\u00eame en sa faveur.&nbsp;<\/strong><strong>Par Ousmane SOW \u2013&nbsp;<\/strong><\/p>\n\n\n\n<p>Le maire de Saint-Louis, Mansour Faye, a une nouvelle fois \u00e9t\u00e9 emp\u00each\u00e9 de quitter le territoire national, ce jeudi. L\u2019ancien ministre des Infras\u00adtructures, des transports terrestres et du d\u00e9senclavement a \u00e9t\u00e9 bloqu\u00e9 \u00e0 nouveau \u00e0 l\u2019A\u00e9roport international Blaise Diagne de Diass alors qu\u2019il s\u2019appr\u00eatait \u00e0 embarquer \u00e0 bord du vol HF 0701. Et ce, malgr\u00e9 la mise \u00e0 disposition de la notification de la Cour supr\u00eame qui, selon lui, le r\u00e9tablit dans ses droits. \u00abIls ont os\u00e9&nbsp;! Oui, ils ont os\u00e9 franchir le rubicon&nbsp;! Je voudrais informer l\u2019opinion nationale et internationale que j\u2019ai \u00e9t\u00e9 une nouvelle fois interdit d\u2019embarquer dans le vol HF 0701 de ce jour 10 avril 2025, malgr\u00e9 la mise \u00e0 disposition de la notification de l\u2019ordonnance de la Cour supr\u00eame, num\u00e9ro 12\/2025, me r\u00e9tablissant dans mes droits\u00bb, a d\u00e9nonc\u00e9 l\u2019ancien ministre des Infrastructures, des transports terrestres et du d\u00e9senclavement sur sa page Facebook.<\/p>\n\n\n\n<p>Mansour Faye ne cache plus sa col\u00e8re face \u00e0 ce qu\u2019il consid\u00e8re comme une d\u00e9rive autoritaire du r\u00e9gime en place. \u00abDans quel Etat sommes-nous&nbsp;?\u00bb, s\u2019interroge-t-il, accusant les autorit\u00e9s de restreindre ses droits fondamentaux. \u00abQui peut nier, aujourd\u2019hui, que la dictature s\u2019est install\u00e9e au S\u00e9n\u00e9gal&nbsp;? Mais, grande et intacte, demeure ma d\u00e9termination \u00e0 jouir de tous mes droits de citoyen libre\u00bb, conclut-il.<\/p>\n\n\n\n<p>Depuis plusieurs mois, l\u2019ancien ministre des Infras\u00adtructures, des transports terrestres et du d\u00e9senclavement, par ailleurs maire de la commune de Saint-Louis, se voit refuser par les autorit\u00e9s de quitter le territoire national. A plusieurs reprises, sa volont\u00e9 de prendre son vol a but\u00e9 sur l\u2019opposition des agents de la police au niveau de l\u2019A\u00e9roport international Blaise Diagne de Diass (Aibd). Une succession d\u2019\u00e9v\u00e8nements qui l\u2019avait amen\u00e9 \u00e0 faire constater la mesure des autorit\u00e9s prise \u00e0 son encontre par un huissier. Par la suite, Mansour Faye saisit le Juge des r\u00e9f\u00e9r\u00e9s au niveau de la Cour supr\u00eame, qui lui donne raison. Une d\u00e9cision de Justice qu\u2019apparemment refuseraient d\u2019ex\u00e9cuter les autorit\u00e9s \u00e9tatiques.<br><strong>ousmane.sow@lequotidien.sn<\/strong><\/p>\n","protected":false},"excerpt":{"rendered":"<p>L\u2019ancien ministre et actuel maire de Saint-Louis a, une nouvelle fois, \u00e9t\u00e9 emp\u00each\u00e9 de quitter le territoire national, malgr\u00e9 une<\/p>\n","protected":false},"author":1,"featured_media":54789,"comment_status":"open","ping_status":"open","sticky":false,"template":"","format":"standard","meta":{"footnotes":""},"categories":[21],"tags":[],"class_list":["post-54767","post","type-post","status-publish","format-standard","has-post-thumbnail","hentry","category-societe"],"_links":{"self":[{"href":"https:\/\/dekkbi.com\/index.php?rest_route=\/wp\/v2\/posts\/54767","targetHints":{"allow":["GET"]}}],"collection":[{"href":"https:\/\/dekkbi.com\/index.php?rest_route=\/wp\/v2\/posts"}],"about":[{"href":"https:\/\/dekkbi.com\/index.php?rest_route=\/wp\/v2\/types\/post"}],"author":[{"embeddable":true,"href":"https:\/\/dekkbi.com\/index.php?rest_route=\/wp\/v2\/users\/1"}],"replies":[{"embeddable":true,"href":"https:\/\/dekkbi.com\/index.php?rest_route=%2Fwp%2Fv2%2Fcomments&post=54767"}],"version-history":[{"count":1,"href":"https:\/\/dekkbi.com\/index.php?rest_route=\/wp\/v2\/posts\/54767\/revisions"}],"predecessor-version":[{"id":54768,"href":"https:\/\/dekkbi.com\/index.php?rest_route=\/wp\/v2\/posts\/54767\/revisions\/54768"}],"wp:featuredmedia":[{"embeddable":true,"href":"https:\/\/dekkbi.com\/index.php?rest_route=\/wp\/v2\/media\/54789"}],"wp:attachment":[{"href":"https:\/\/dekkbi.com\/index.php?rest_route=%2Fwp%2Fv2%2Fmedia&parent=54767"}],"wp:term":[{"taxonomy":"category","embeddable":true,"href":"https:\/\/dekkbi.com\/index.php?rest_route=%2Fwp%2Fv2%2Fcategories&post=54767"},{"taxonomy":"post_tag","embeddable":true,"href":"https:\/\/dekkbi.com\/index.php?rest_route=%2Fwp%2Fv2%2Ftags&post=54767"}],"curies":[{"name":"wp","href":"https:\/\/api.w.org\/{rel}","templated":true}]}}