{"id":54752,"date":"2025-04-11T09:53:15","date_gmt":"2025-04-11T09:53:15","guid":{"rendered":"https:\/\/dekkbi.com\/?p=54752"},"modified":"2025-04-11T09:53:16","modified_gmt":"2025-04-11T09:53:16","slug":"1000-travailleurs-saisonniers-pourraient-rejoindre-lespagne-avant-fin-2025","status":"publish","type":"post","link":"https:\/\/dekkbi.com\/?p=54752","title":{"rendered":"1000 travailleurs saisonniers pourraient rejoindre l\u2019Espagne avant fin 2025"},"content":{"rendered":"\n<p>La deuxi\u00e8me \u00e9dition du colloque international sur les migrations s\u2019est ouverte, hier, \u00e0 Dakar. Lors de de la c\u00e9r\u00e9monie d\u2019ouverture, le Secr\u00e9taire d\u2019Etat aux S\u00e9n\u00e9galais de l\u2019Ext\u00e9rieur, Amadou Ch\u00e9rif Diouf, a annonc\u00e9 une hausse du nombre de travailleurs saisonniers. Il a soulign\u00e9 n\u00e9anmoins que notre pays s\u2019engage \u00e0 \u0153uvrer pour cr\u00e9er des conditions favorables au d\u00e9veloppement \u00e9conomique afin que les citoyens ne migrent plus par d\u00e9sespoir.<\/p>\n\n\n\n<p>Le S\u00e9n\u00e9gal pourrait voir son quota de travailleurs saisonniers en Espagne augmenter. Si l\u2019on en croit le secr\u00e9taire d\u2019Etat aux S\u00e9n\u00e9galais de l\u2019ext\u00e9rieur, Amadou Cherif Diouf, au regard des offres que l\u2019Etat continue de recevoir des entreprises espagnoles, il est possible d\u2019atteindre le chiffre de 1.000 saisonniers en fin 2025. Il a rappel\u00e9 qu\u2019il \u00e9tait pr\u00e9vu un nombre de 370 personnes mais d\u00e9j\u00e0 plus de 500 candidats sont s\u00e9lectionn\u00e9s. M. Diouf pr\u00e9sidait l\u2019ouverture du deuxi\u00e8me colloque international sur les migrations organis\u00e9 par l\u2019Ong Otra Africa. Elma Saiz Delgado, ministre de l\u2019Inclusion, de la S\u00e9curit\u00e9 sociale et des Migrations du Royaume d\u2019Espagne et des experts de la migration venus d\u2019Afrique et d\u2019Europe ont aussi pris part \u00e0 la rencontre. \u00ab Promouvoir la migration internationale: pont et vecteur de d\u00e9veloppement entre l\u2019Europe et l\u2019Afrique \u00bb, est le th\u00e8me de cette rencontre pr\u00e9vue sur trois jours (10-11-12 avril). Et pour le Secr\u00e9taire d\u2019Etat, \u00ab loin d\u2019\u00eatre une fatalit\u00e9, la migration doit \u00eatre vue comme un atout pour le d\u00e9veloppement des deux continents \u00bb.<\/p>\n\n\n\n<p>A son avis, \u00ab elle repr\u00e9sente un v\u00e9ritable pont de solidarit\u00e9, de partage et d\u2019opportunit\u00e9s entre l\u2019Europe et l\u2019Afrique \u00bb. Mais, \u00e9galement, elle peut \u00eatre \u00ab un moteur de d\u00e9veloppement et permettre de maximiser les retomb\u00e9es pour toutes les parties prenantes, pays de d\u00e9part comme pays de destination \u00bb. Selon M. Diouf, \u00ables migrants sont des travailleurs qualifi\u00e9s ou non qualifi\u00e9s et des entrepreneurs qui mobilisent et transf\u00e8rent des fonds, contribuant consid\u00e9rablement au d\u00e9veloppement de leurs pays d\u2019origine par une part essentielle de l\u2019\u00e9conomie\u00bb.<\/p>\n\n\n\n<p>Cependant, le Secr\u00e9taire d\u2019Etat consid\u00e8re que \u00ab c\u2019est en \u00e9tablissant des partenariats justes, en soutenant l\u2019int\u00e9gration des migrants et en mettant en place des politiques de d\u00e9veloppement inclusives et durables que nous pourrons v\u00e9ritablement transformer la migration en un vecteur de progr\u00e8s pour tous \u00bb. D\u2019ailleurs, l\u2019Etat s\u2019att\u00e8le d\u00e9j\u00e0 \u00e0 mettre en place des politiques et programmes visant \u00e0 endiguer la migration irr\u00e9guli\u00e8re mais \u00e9galement \u00e0 renforcer la coop\u00e9ration Sud-Sud. Cependant l\u2019id\u00e9al pour l\u2019Etat du S\u00e9n\u00e9gal, c\u2019est de faire de l\u2019\u00e9migration un choix. \u00ab Notre pays s\u2019engage \u00e0 \u0153uvrer pour cr\u00e9er des conditions favorables au d\u00e9veloppement \u00e9conomique et \u00e0 la stabilit\u00e9 politique, afin que les populations n\u2019aient pas \u00e0 migrer par d\u00e9sespoir, mais plut\u00f4t par choix \u00bb, dit Amadou Ch\u00e9rif Diouf.<\/p>\n\n\n\n<p><strong>Par Fatou SY<\/strong><\/p>\n\n\n\n<p>LESOLEIL<\/p>\n","protected":false},"excerpt":{"rendered":"<p>La deuxi\u00e8me \u00e9dition du colloque international sur les migrations s\u2019est ouverte, hier, \u00e0 Dakar. Lors de de la c\u00e9r\u00e9monie d\u2019ouverture,<\/p>\n","protected":false},"author":1,"featured_media":54753,"comment_status":"open","ping_status":"open","sticky":false,"template":"","format":"standard","meta":{"footnotes":""},"categories":[21],"tags":[],"class_list":["post-54752","post","type-post","status-publish","format-standard","has-post-thumbnail","hentry","category-societe"],"_links":{"self":[{"href":"https:\/\/dekkbi.com\/index.php?rest_route=\/wp\/v2\/posts\/54752","targetHints":{"allow":["GET"]}}],"collection":[{"href":"https:\/\/dekkbi.com\/index.php?rest_route=\/wp\/v2\/posts"}],"about":[{"href":"https:\/\/dekkbi.com\/index.php?rest_route=\/wp\/v2\/types\/post"}],"author":[{"embeddable":true,"href":"https:\/\/dekkbi.com\/index.php?rest_route=\/wp\/v2\/users\/1"}],"replies":[{"embeddable":true,"href":"https:\/\/dekkbi.com\/index.php?rest_route=%2Fwp%2Fv2%2Fcomments&post=54752"}],"version-history":[{"count":1,"href":"https:\/\/dekkbi.com\/index.php?rest_route=\/wp\/v2\/posts\/54752\/revisions"}],"predecessor-version":[{"id":54754,"href":"https:\/\/dekkbi.com\/index.php?rest_route=\/wp\/v2\/posts\/54752\/revisions\/54754"}],"wp:featuredmedia":[{"embeddable":true,"href":"https:\/\/dekkbi.com\/index.php?rest_route=\/wp\/v2\/media\/54753"}],"wp:attachment":[{"href":"https:\/\/dekkbi.com\/index.php?rest_route=%2Fwp%2Fv2%2Fmedia&parent=54752"}],"wp:term":[{"taxonomy":"category","embeddable":true,"href":"https:\/\/dekkbi.com\/index.php?rest_route=%2Fwp%2Fv2%2Fcategories&post=54752"},{"taxonomy":"post_tag","embeddable":true,"href":"https:\/\/dekkbi.com\/index.php?rest_route=%2Fwp%2Fv2%2Ftags&post=54752"}],"curies":[{"name":"wp","href":"https:\/\/api.w.org\/{rel}","templated":true}]}}