{"id":54749,"date":"2025-04-11T09:43:57","date_gmt":"2025-04-11T09:43:57","guid":{"rendered":"https:\/\/dekkbi.com\/?p=54749"},"modified":"2025-04-11T09:43:58","modified_gmt":"2025-04-11T09:43:58","slug":"des-avancees-significatives-notees-dans-le-renforcement-de-la-cooperation-bilaterale-officiels","status":"publish","type":"post","link":"https:\/\/dekkbi.com\/?p=54749","title":{"rendered":"Des \u201cavanc\u00e9es significatives\u201d not\u00e9es dans le renforcement de la coop\u00e9ration bilat\u00e9rale (officiels)"},"content":{"rendered":"\n<p>Dakar,  (APS) \u2013 Les travaux conjointement men\u00e9s par les d\u00e9l\u00e9gations s\u00e9n\u00e9galaises et sud-africaines au cours de la premi\u00e8re \u00e9dition de la grande commission mixte de coop\u00e9ration devraient bient\u00f4t aboutir \u00e0 la signature d\u2019accords et protocoles d\u2019accord dans divers domaines, ont indiqu\u00e9, jeudi, les ministres en charge des Affaires \u00e9trang\u00e8res des deux pays, Yassine Fall du S\u00e9n\u00e9gal, et Ronald Ozzy Lamolla de l\u2019Afrique du Sud.<\/p>\n\n\n\n<p>\u2018\u2019(\u2026) Les deux parties ont pris note des projets d\u2019accords en cours de n\u00e9gociation et des avanc\u00e9es significatives enregistr\u00e9es. Elles se sont engag\u00e9es \u00e0 entamer leurs proc\u00e9dures internes de validation en vue de la signature, dans les meilleurs d\u00e9lais possibles, des accords et protocoles d\u2019accord portant sur la coop\u00e9ration dans divers domaines\u2019\u2019, souligne le document conjointement produit \u00e0 l\u2019issue des travaux.<\/p>\n\n\n\n<p>Les domaines concern\u00e9s par cette coop\u00e9ration sont la sant\u00e9, l\u2019enseignement sup\u00e9rieur, les services a\u00e9riens, la p\u00eache et l\u2019aquaculture, les transports terrestres et maritimes, la justice, la s\u00e9curit\u00e9 sociale, l\u2019\u00e9levage, l\u2019admiration du travail, la jeunesse et le sport. Elle inclut aussi la non double imposition des revenus, le renseignement, l\u2019\u00e9nergie, les hydrocarbures et&nbsp;&nbsp;l\u2019exploitation mini\u00e8re.<\/p>\n\n\n\n<p>Les deux parties se sont, par ailleurs, accord\u00e9s sur la volont\u00e9 de poursuivre les \u00e9changes en vue de l\u2019\u00e9tablissement d\u2019un partenariat entre les chambres de commerce des deux pays. Cette volont\u00e9 fut encourag\u00e9e par le dynamisme du forum \u00e9conomique tenu en marge de la commission et qui a incit\u00e9 les hommes d\u2019affaires des pays partenaires \u00e0 vouloir maintenir&nbsp;&nbsp;les \u00e9changes en vue d\u2019explorer les opportunit\u00e9s de partenariat au profit des \u00e9conomies des deux pays.<\/p>\n\n\n\n<p>Yassine Fall et son homologue Ronald Ozzy Lamolla ont, sur ce point, rappel\u00e9 que ces actions pour \u00e9largir leur coop\u00e9ration sont arrim\u00e9es aux r\u00e9f\u00e9rentiels de politique publique de leurs pays respectifs. Il s\u2019agit, pour le S\u00e9n\u00e9gal, de La Vision S\u00e9n\u00e9gal 2050, et pour l\u2019Afrique du Sud de l\u2019Agenda national de D\u00e9veloppement 2030.<\/p>\n\n\n\n<p>Le chef de la diplomatie sud-africaine reste convaincu que les discussions entreprises ces deux jours ont \u00e9t\u00e9 \u2018\u2019amicales, franches, constructives et ouvertes\u2019\u2019. Mais \u2018\u2019les m\u00e9morandums d\u2019entente sign\u00e9s resteraient improductifs s\u2019ils ne sont pas rapidement ex\u00e9cut\u00e9s avec coh\u00e9rence au profit de nos deux peuples, a-t-il soulign\u00e9<\/p>\n\n\n\n<p>KM\/ADC<\/p>\n","protected":false},"excerpt":{"rendered":"<p>Dakar, (APS) \u2013 Les travaux conjointement men\u00e9s par les d\u00e9l\u00e9gations s\u00e9n\u00e9galaises et sud-africaines au cours de la premi\u00e8re \u00e9dition de<\/p>\n","protected":false},"author":1,"featured_media":54750,"comment_status":"open","ping_status":"open","sticky":false,"template":"","format":"standard","meta":{"footnotes":""},"categories":[6],"tags":[],"class_list":["post-54749","post","type-post","status-publish","format-standard","has-post-thumbnail","hentry","category-politics"],"_links":{"self":[{"href":"https:\/\/dekkbi.com\/index.php?rest_route=\/wp\/v2\/posts\/54749","targetHints":{"allow":["GET"]}}],"collection":[{"href":"https:\/\/dekkbi.com\/index.php?rest_route=\/wp\/v2\/posts"}],"about":[{"href":"https:\/\/dekkbi.com\/index.php?rest_route=\/wp\/v2\/types\/post"}],"author":[{"embeddable":true,"href":"https:\/\/dekkbi.com\/index.php?rest_route=\/wp\/v2\/users\/1"}],"replies":[{"embeddable":true,"href":"https:\/\/dekkbi.com\/index.php?rest_route=%2Fwp%2Fv2%2Fcomments&post=54749"}],"version-history":[{"count":1,"href":"https:\/\/dekkbi.com\/index.php?rest_route=\/wp\/v2\/posts\/54749\/revisions"}],"predecessor-version":[{"id":54751,"href":"https:\/\/dekkbi.com\/index.php?rest_route=\/wp\/v2\/posts\/54749\/revisions\/54751"}],"wp:featuredmedia":[{"embeddable":true,"href":"https:\/\/dekkbi.com\/index.php?rest_route=\/wp\/v2\/media\/54750"}],"wp:attachment":[{"href":"https:\/\/dekkbi.com\/index.php?rest_route=%2Fwp%2Fv2%2Fmedia&parent=54749"}],"wp:term":[{"taxonomy":"category","embeddable":true,"href":"https:\/\/dekkbi.com\/index.php?rest_route=%2Fwp%2Fv2%2Fcategories&post=54749"},{"taxonomy":"post_tag","embeddable":true,"href":"https:\/\/dekkbi.com\/index.php?rest_route=%2Fwp%2Fv2%2Ftags&post=54749"}],"curies":[{"name":"wp","href":"https:\/\/api.w.org\/{rel}","templated":true}]}}