{"id":54705,"date":"2025-04-10T10:36:26","date_gmt":"2025-04-10T10:36:26","guid":{"rendered":"https:\/\/dekkbi.com\/?p=54705"},"modified":"2025-04-10T10:37:59","modified_gmt":"2025-04-10T10:37:59","slug":"les-pays-du-sahel-lancent-un-appel-urgent-pour-renforcer-lirrigation-accroitre-ses-benefices-et-ameliorer-la-securite-alimentaire","status":"publish","type":"post","link":"https:\/\/dekkbi.com\/?p=54705","title":{"rendered":"Les pays du Sahel lancent un appel urgent"},"content":{"rendered":"\n<p><a href=\"javascript:updateFontSize(1)\"><\/a>iGFM &#8211; (Dakar) Les gouvernements des pays du Sahel &#8212; Burkina Faso, Mali, Mauritanie, Niger, S\u00e9n\u00e9gal, et Tchad &#8211;, se sont r\u00e9unis \u00e0 Dakar pour un forum de haut niveau, marquant le dixi\u00e8me anniversaire de la D\u00e9claration sur l&rsquo;irrigation au Sahel, d\u00e9nomm\u00e9 Forum Dakar+10.<\/p>\n\n\n\n<p>A cette occasion, ils ont lanc\u00e9 un appel \u00e0 l\u2019action pour acc\u00e9l\u00e9rer les investissements dans l\u2019irrigation afin de r\u00e9aliser l\u2019objectif de mettre 1 000 000 d\u2019hectares de terres sous ma\u00eetrise totale d\u2019eau d\u2019ici 2035.<\/p>\n\n\n\n<p>Au terme de trois jours de d\u00e9bats et de r\u00e9flexions, les ministres des pays du Sahel ont adopt\u00e9 la nouvelle D\u00e9claration de Dakar par laquelle ils s\u2019engagent \u00e0 promouvoir une irrigation performante, efficace, durable et r\u00e9siliente face aux d\u00e9fis environnementaux et socio\u00e9conomiques.<\/p>\n\n\n\n<p>\u00c0 la lumi\u00e8re des d\u00e9fis mondiaux r\u00e9cents et face \u00e0 l&rsquo;interconnexion croissante des crises &#8211; qu&rsquo;elles soient environnementales, sanitaires, \u00e9conomiques ou g\u00e9opolitiques -, les Etats ont opt\u00e9 pour des politiques de souverainet\u00e9 alimentaire, sortant ainsi du paradigme de l\u2019importation des produits agricoles. \u00ab La souverainet\u00e9 alimentaire est possible non seulement au regard des immenses potentialit\u00e9s en eau, en terres et en \u00e9nergie de la r\u00e9gion, mais aussi gr\u00e2ce aux nouvelles technologies dans le domaine de l\u2019irrigation \u00bb, a d\u00e9clar\u00e9 Dr. Abdoulaye Mohamadou, Secr\u00e9taire Ex\u00e9cutif du Comit\u00e9 permanent InterEtat de Lutte contre la S\u00e9cheresse au Sahel (CILSS).<\/p>\n\n\n\n<p>La D\u00e9claration de Dakar de 2013 sur l&rsquo;irrigation au Sahel avait \u00e9tabli une vision ambitieuse de renforcer la r\u00e9silience, la s\u00e9curit\u00e9 alimentaire et la prosp\u00e9rit\u00e9 \u00e9conomique. Les r\u00e9alisations au cours de la d\u00e9cennie t\u00e9moignent du chemin parcouru vers cet horizon strat\u00e9gique. Le bilan dress\u00e9 par les participants a fait ressortir que les superficies am\u00e9nag\u00e9es, bien qu\u2019augment\u00e9es d\u2019environ 285 000 hectares, n\u2019ont cependant pas atteint l\u2019objectif fix\u00e9.<\/p>\n\n\n\n<p>Le Forum a \u00e9t\u00e9 l\u2019occasion pour les participants d\u2019adopter une nouvelle strat\u00e9gie qui d\u00e9finit cinq grandes priorit\u00e9s d&rsquo;investissement visant \u00e0 favoriser une transformation dans l&rsquo;irrigation au Sahel.<\/p>\n\n\n\n<p>Ces priorit\u00e9s incluent : (i) le soutien aux programmes d&rsquo;irrigation nationaux qui int\u00e8grent un aspect r\u00e9gional ; (ii) l\u2019am\u00e9lioration de la performance des sch\u00e9mas d&rsquo;irrigation publics et communautaires ; (iii) la promotion du d\u00e9veloppement de l\u2019irrigation dirig\u00e9 par les agriculteurs ; (iv) la r\u00e9duction du d\u00e9ficit d&rsquo;investissement ; (v) la mise en \u0153uvre d\u2019une approche territoriale int\u00e9gr\u00e9e ; (vi) la diversification des sources d&rsquo;eau pour une meilleure r\u00e9silience climatique ; et (vii) le renforcement de la r\u00e9silience des syst\u00e8mes d&rsquo;irrigation face aux d\u00e9fis environnementaux et conflictuels.<\/p>\n\n\n\n<p>La pertinence de partenariats entre les \u00c9tats, les institutions financi\u00e8res, les chercheurs et le secteur priv\u00e9 a \u00e9t\u00e9 mise en avant pour promouvoir des solutions innovantes et inclusives. \u00ab Investissons dans des syst\u00e8mes d\u2019irrigation modernes et r\u00e9silients, qui permettront d\u2019accro\u00eetre la productivit\u00e9 agricole, de r\u00e9duire notre d\u00e9pendance aux al\u00e9as climatiques et de garantir un avenir prosp\u00e8re \u00e0 nos populations, \u00bb a d\u00e9clar\u00e9 Dr. Mabouba Diagne, Ministre de l&rsquo;agriculture, de la souverainet\u00e9 alimentaire et de l&rsquo;\u00e9levage du S\u00e9n\u00e9gal. \u00ab Ensemble, faisons de l\u2019irrigation durable un pilier de la transformation agricole au Sahel. \u00bb<\/p>\n\n\n\n<p>Les participants ont insist\u00e9 sur le r\u00f4le fondamental des agriculteurs dans la production, y compris leur contribution au financement des syst\u00e8mes d&rsquo;irrigation. Ils ont convenu d\u2019accro\u00eetre la mobilisation des ressources des budgets nationaux pour le financement de l\u2019irrigation, d\u2019am\u00e9liorer les cadres de gouvernance pour accroitre la performance de l\u2019agriculture, d\u2019acc\u00e9l\u00e9rer la transformation des syst\u00e8mes de production irrigu\u00e9s actuels vers des syst\u00e8mes de cultures diversifi\u00e9s et ax\u00e9s sur le march\u00e9 en am\u00e9liorant les chaines de valeur, et d\u2019assurer l&rsquo;entretien et la modernisation des infrastructures existantes. Ils se sont engag\u00e9s \u00e0 renforcer la coop\u00e9ration r\u00e9gionale pour mieux coordonner les initiatives d&rsquo;irrigation transfrontali\u00e8res, faciliter l&rsquo;harmonisation des normes et de la planification strat\u00e9gique, et \u00e0 suivre les progr\u00e8s vers des objectifs collectifs d&rsquo;irrigation au Sahel.<\/p>\n\n\n\n<p>\u00ab Dakar+10 doit \u00eatre un tournant d\u00e9cisif dans le d\u00e9veloppement d\u2019une agriculture irrigu\u00e9e r\u00e9siliente aux al\u00e9as climatiques et dont l\u2019essor est indispensable au renforcement de la s\u00e9curit\u00e9 alimentaire, \u00e0 la cr\u00e9ation d\u2019emplois tout au long de la chaine de valeurs et donc, \u00e0 la r\u00e9duction de la pauvret\u00e9 dans notre r\u00e9gion \u00bb, a affirm\u00e9 Chakib Jenane, Directeur du d\u00e9veloppement durable pour l\u2019Afrique de l\u2019Ouest et du Centre \u00e0 la Banque mondiale.<\/p>\n","protected":false},"excerpt":{"rendered":"<p>iGFM &#8211; (Dakar) Les gouvernements des pays du Sahel &#8212; Burkina Faso, Mali, Mauritanie, Niger, S\u00e9n\u00e9gal, et Tchad &#8211;, se<\/p>\n","protected":false},"author":1,"featured_media":54706,"comment_status":"open","ping_status":"open","sticky":false,"template":"","format":"standard","meta":{"footnotes":""},"categories":[3],"tags":[],"class_list":["post-54705","post","type-post","status-publish","format-standard","has-post-thumbnail","hentry","category-event-more-news"],"_links":{"self":[{"href":"https:\/\/dekkbi.com\/index.php?rest_route=\/wp\/v2\/posts\/54705","targetHints":{"allow":["GET"]}}],"collection":[{"href":"https:\/\/dekkbi.com\/index.php?rest_route=\/wp\/v2\/posts"}],"about":[{"href":"https:\/\/dekkbi.com\/index.php?rest_route=\/wp\/v2\/types\/post"}],"author":[{"embeddable":true,"href":"https:\/\/dekkbi.com\/index.php?rest_route=\/wp\/v2\/users\/1"}],"replies":[{"embeddable":true,"href":"https:\/\/dekkbi.com\/index.php?rest_route=%2Fwp%2Fv2%2Fcomments&post=54705"}],"version-history":[{"count":4,"href":"https:\/\/dekkbi.com\/index.php?rest_route=\/wp\/v2\/posts\/54705\/revisions"}],"predecessor-version":[{"id":54711,"href":"https:\/\/dekkbi.com\/index.php?rest_route=\/wp\/v2\/posts\/54705\/revisions\/54711"}],"wp:featuredmedia":[{"embeddable":true,"href":"https:\/\/dekkbi.com\/index.php?rest_route=\/wp\/v2\/media\/54706"}],"wp:attachment":[{"href":"https:\/\/dekkbi.com\/index.php?rest_route=%2Fwp%2Fv2%2Fmedia&parent=54705"}],"wp:term":[{"taxonomy":"category","embeddable":true,"href":"https:\/\/dekkbi.com\/index.php?rest_route=%2Fwp%2Fv2%2Fcategories&post=54705"},{"taxonomy":"post_tag","embeddable":true,"href":"https:\/\/dekkbi.com\/index.php?rest_route=%2Fwp%2Fv2%2Ftags&post=54705"}],"curies":[{"name":"wp","href":"https:\/\/api.w.org\/{rel}","templated":true}]}}