{"id":54690,"date":"2025-04-10T10:08:23","date_gmt":"2025-04-10T10:08:23","guid":{"rendered":"https:\/\/dekkbi.com\/?p=54690"},"modified":"2025-04-10T10:08:24","modified_gmt":"2025-04-10T10:08:24","slug":"suppose-licenciement-a-la-cimaf-senegal-dementi-et-eclairage-de-sa-direction","status":"publish","type":"post","link":"https:\/\/dekkbi.com\/?p=54690","title":{"rendered":"Suppos\u00e9 licenciement \u00e0 la CIMAF S\u00e9n\u00e9gal: D\u00e9menti et \u00e9clairage de sa Direction"},"content":{"rendered":"\n<h3 class=\"wp-block-heading\">Lundi dernier, une partie de la presse a relay\u00e9 des informations selon lesquelles la soci\u00e9t\u00e9 CIMAF S\u00e9n\u00e9gal aurait licenci\u00e9 52 employ\u00e9s. Ce que la boite a r\u00e9fut\u00e9. \u00c0 travers un communiqu\u00e9, la direction g\u00e9n\u00e9rale de CIMAF S\u00e9n\u00e9gal a tenu \u00e0 apporter un \u00ab d\u00e9menti \u00bb aux informations diffus\u00e9es&#8230; Tribune<\/h3>\n\n\n\n<p>Dans un communiqu\u00e9, la direction a pr\u00e9cis\u00e9 que des informations diffus\u00e9es par une partie de la presse ont cr\u00e9\u00e9 une \u00ab confusion \u00bb en attribuant \u00e0 CIMAF des licenciements qui, selon la direction g\u00e9n\u00e9rale, n\u2019ont jamais eu lieu.<\/p>\n\n\n\n<p>\u00ab Nous d\u00e9plorons la diffusion d&rsquo;informations inexactes et non v\u00e9rifi\u00e9es, susceptibles de porter atteinte \u00e0 la r\u00e9putation de notre entreprise et de semer la confusion aupr\u00e8s de l&rsquo;opinion publique. Nous appelons, en ce sens, l&rsquo;ensemble des m\u00e9dias \u00e0 faire preuve de rigueur, de responsabilit\u00e9 et de professionnalisme dans le traitement de l&rsquo;information \u00bb, regrette la soci\u00e9t\u00e9 CIMAF.<\/p>\n\n\n\n<p>Elle poursuit : \u00ab Nous pr\u00e9cisons que ces personnes \u00e9voqu\u00e9es ne sont pas des employ\u00e9s de CIMAF, mais des salari\u00e9s temporaires d&rsquo;un prestataire sous-traitant, intervenant dans le cadre d&rsquo;un projet ponctuel li\u00e9 \u00e0 la pr\u00e9paration du d\u00e9marrage de l&rsquo;usine. \u00c0 l\u2019issue de cette mission, le sous-traitant a proc\u00e9d\u00e9 \u00e0 l&rsquo;int\u00e9gration d&rsquo;une partie de ces travailleurs pour assurer la phase d&rsquo;exploitation, et a mis fin aux contrats des autres \u00bb, a pr\u00e9cis\u00e9 le document. Lequel souligne que ce m\u00eame prestataire \u00ab a trouv\u00e9 un accord officiel avec ses employ\u00e9s et l&rsquo;Inspection du Travail \u00bb.<\/p>\n\n\n\n<p>Ayant abouti \u00e0 la signature de proc\u00e8s-verbaux d&rsquo;accord, ajoute le texte, et tous les employ\u00e9s ont \u00e9t\u00e9 d\u00fbment indemnis\u00e9s, conform\u00e9ment aux dispositions convenues avec l&rsquo;administration du travail. Dans ce sillage, CIMAF souhaite \u00e9galement rappeler qu&rsquo;elle vient tout juste de d\u00e9marrer ses activit\u00e9s sur le territoire.<\/p>\n\n\n\n<p>Dans ce contexte, l&rsquo;entreprise dit engag\u00e9e dans un processus de recrutement progressif afin de \u00ab soutenir la mont\u00e9e en puissance de ses op\u00e9rations. Il ne peut donc en aucun cas \u00eatre question de licenciements au sein de CIMAF, qui s&rsquo;inscrit r\u00e9solument dans une dynamique de cr\u00e9ation d&#8217;emplois durables \u00bb.<\/p>\n\n\n\n<p>CIMAF S\u00e9n\u00e9gal dit r\u00e9affirmer son engagement \u00e0 respecter strictement les lois en vigueur, \u00e0 maintenir un climat social sain, et \u00e0 contribuer activement au d\u00e9veloppement \u00e9conomique et social du pays.<br><\/p>\n\n\n\n<p>MD<\/p>\n","protected":false},"excerpt":{"rendered":"<p>Lundi dernier, une partie de la presse a relay\u00e9 des informations selon lesquelles la soci\u00e9t\u00e9 CIMAF S\u00e9n\u00e9gal aurait licenci\u00e9 52<\/p>\n","protected":false},"author":1,"featured_media":54691,"comment_status":"open","ping_status":"open","sticky":false,"template":"","format":"standard","meta":{"footnotes":""},"categories":[21],"tags":[],"class_list":["post-54690","post","type-post","status-publish","format-standard","has-post-thumbnail","hentry","category-societe"],"_links":{"self":[{"href":"https:\/\/dekkbi.com\/index.php?rest_route=\/wp\/v2\/posts\/54690","targetHints":{"allow":["GET"]}}],"collection":[{"href":"https:\/\/dekkbi.com\/index.php?rest_route=\/wp\/v2\/posts"}],"about":[{"href":"https:\/\/dekkbi.com\/index.php?rest_route=\/wp\/v2\/types\/post"}],"author":[{"embeddable":true,"href":"https:\/\/dekkbi.com\/index.php?rest_route=\/wp\/v2\/users\/1"}],"replies":[{"embeddable":true,"href":"https:\/\/dekkbi.com\/index.php?rest_route=%2Fwp%2Fv2%2Fcomments&post=54690"}],"version-history":[{"count":1,"href":"https:\/\/dekkbi.com\/index.php?rest_route=\/wp\/v2\/posts\/54690\/revisions"}],"predecessor-version":[{"id":54692,"href":"https:\/\/dekkbi.com\/index.php?rest_route=\/wp\/v2\/posts\/54690\/revisions\/54692"}],"wp:featuredmedia":[{"embeddable":true,"href":"https:\/\/dekkbi.com\/index.php?rest_route=\/wp\/v2\/media\/54691"}],"wp:attachment":[{"href":"https:\/\/dekkbi.com\/index.php?rest_route=%2Fwp%2Fv2%2Fmedia&parent=54690"}],"wp:term":[{"taxonomy":"category","embeddable":true,"href":"https:\/\/dekkbi.com\/index.php?rest_route=%2Fwp%2Fv2%2Fcategories&post=54690"},{"taxonomy":"post_tag","embeddable":true,"href":"https:\/\/dekkbi.com\/index.php?rest_route=%2Fwp%2Fv2%2Ftags&post=54690"}],"curies":[{"name":"wp","href":"https:\/\/api.w.org\/{rel}","templated":true}]}}