{"id":54687,"date":"2025-04-10T09:51:20","date_gmt":"2025-04-10T09:51:20","guid":{"rendered":"https:\/\/dekkbi.com\/?p=54687"},"modified":"2025-04-10T09:51:21","modified_gmt":"2025-04-10T09:51:21","slug":"regles-et-origine-de-la-zlecaf-les-douanes-et-secteur-prive-senegalais-sensibilises-sur-ses-enjeux-et-opportunites","status":"publish","type":"post","link":"https:\/\/dekkbi.com\/?p=54687","title":{"rendered":"R\u00e8gles et origine de la ZLECAf: Les Douanes et secteur priv\u00e9 s\u00e9n\u00e9galais sensibilis\u00e9s sur ses enjeux et opportunit\u00e9s"},"content":{"rendered":"\n<h3 class=\"wp-block-heading\">Un atelier national d\u2019information et de sensibilisation sur les r\u00e8gles d\u2019origine de la Zone de Libre-\u00c9change continentale africaine (ZLECAf) s\u2019est ouvert mardi 8 avril 2025 \u00e0 Dakar. Cette rencontre strat\u00e9gique, organis\u00e9e par les Douanes s\u00e9n\u00e9galaises avec l\u2019appui de l\u2019Organisation mondiale des Douanes (OMD) et le soutien de l\u2019Agence japonaise de coop\u00e9ration internationale (JICA), vise \u00e0 harmoniser les connaissances des diff\u00e9rents acteurs sur les m\u00e9canismes de cette r\u00e9forme \u00e9conomique majeure.<\/h3>\n\n\n\n<p>Selon la cellule de Com\u2019 de nos soldats de l\u2019\u00e9conomie, l\u2019atelier r\u00e9unit des repr\u00e9sentants de l\u2019administration douani\u00e8re, des services techniques de l\u2019\u00c9tat tels que le minist\u00e8re du Commerce, ainsi que des membres du secteur priv\u00e9 et des partenaires au d\u00e9veloppement.<\/p>\n\n\n\n<p>L\u2019objectif est clair : mettre tous les acteurs au m\u00eame niveau d\u2019information sur les r\u00e8gles d\u2019origine de la ZLECAf, dans le but de faciliter leur mise en \u0153uvre et d\u2019anticiper les mutations \u00e9conomiques li\u00e9es \u00e0 l\u2019int\u00e9gration africaine.<\/p>\n\n\n\n<p>Pr\u00e9sid\u00e9e par Malick Mbaye, Coordonnateur \u00e0 la Direction g\u00e9n\u00e9rale des Douanes, la c\u00e9r\u00e9monie d\u2019ouverture s\u2019est tenue en pr\u00e9sence de Demba Seck, Administrateur technique des r\u00e8gles d\u2019origine \u00e0 l\u2019OMD, et de Mme Junko Masuda, Repr\u00e9sentante r\u00e9sidente et Directrice r\u00e9gionale de la JICA.<\/p>\n\n\n\n<p>Ce rendez-vous a \u00e9galement \u00e9t\u00e9 l\u2019occasion de c\u00e9l\u00e9brer l\u2019engagement des Douanes s\u00e9n\u00e9galaises dans la ma\u00eetrise des r\u00e8gles d\u2019origine. Deux de leurs cadres, les Lieutenants-colonels Mame Coumba Lakh et Mouhamadou Dia, ont \u00e9t\u00e9 officiellement accr\u00e9dit\u00e9s en tant qu\u2019experts OMD, apr\u00e8s avoir suivi avec succ\u00e8s les formations et \u00e9valuations requises.<\/p>\n\n\n\n<p>Avec cette initiative, les Douanes s\u00e9n\u00e9galaises r\u00e9affirment leur volont\u00e9 de jouer un r\u00f4le central dans la mise en \u0153uvre efficace de la ZLECAf, en dotant les acteurs nationaux des outils n\u00e9cessaires pour tirer pleinement profit des opportunit\u00e9s offertes par la plus grande zone de libre-\u00e9change au monde.<\/p>\n\n\n\n<p>SOURCE LERAL<\/p>\n","protected":false},"excerpt":{"rendered":"<p>Un atelier national d\u2019information et de sensibilisation sur les r\u00e8gles d\u2019origine de la Zone de Libre-\u00c9change continentale africaine (ZLECAf) s\u2019est<\/p>\n","protected":false},"author":1,"featured_media":54688,"comment_status":"open","ping_status":"open","sticky":false,"template":"","format":"standard","meta":{"footnotes":""},"categories":[3],"tags":[],"class_list":["post-54687","post","type-post","status-publish","format-standard","has-post-thumbnail","hentry","category-event-more-news"],"_links":{"self":[{"href":"https:\/\/dekkbi.com\/index.php?rest_route=\/wp\/v2\/posts\/54687","targetHints":{"allow":["GET"]}}],"collection":[{"href":"https:\/\/dekkbi.com\/index.php?rest_route=\/wp\/v2\/posts"}],"about":[{"href":"https:\/\/dekkbi.com\/index.php?rest_route=\/wp\/v2\/types\/post"}],"author":[{"embeddable":true,"href":"https:\/\/dekkbi.com\/index.php?rest_route=\/wp\/v2\/users\/1"}],"replies":[{"embeddable":true,"href":"https:\/\/dekkbi.com\/index.php?rest_route=%2Fwp%2Fv2%2Fcomments&post=54687"}],"version-history":[{"count":1,"href":"https:\/\/dekkbi.com\/index.php?rest_route=\/wp\/v2\/posts\/54687\/revisions"}],"predecessor-version":[{"id":54689,"href":"https:\/\/dekkbi.com\/index.php?rest_route=\/wp\/v2\/posts\/54687\/revisions\/54689"}],"wp:featuredmedia":[{"embeddable":true,"href":"https:\/\/dekkbi.com\/index.php?rest_route=\/wp\/v2\/media\/54688"}],"wp:attachment":[{"href":"https:\/\/dekkbi.com\/index.php?rest_route=%2Fwp%2Fv2%2Fmedia&parent=54687"}],"wp:term":[{"taxonomy":"category","embeddable":true,"href":"https:\/\/dekkbi.com\/index.php?rest_route=%2Fwp%2Fv2%2Fcategories&post=54687"},{"taxonomy":"post_tag","embeddable":true,"href":"https:\/\/dekkbi.com\/index.php?rest_route=%2Fwp%2Fv2%2Ftags&post=54687"}],"curies":[{"name":"wp","href":"https:\/\/api.w.org\/{rel}","templated":true}]}}