{"id":54685,"date":"2025-04-10T09:44:48","date_gmt":"2025-04-10T09:44:48","guid":{"rendered":"https:\/\/dekkbi.com\/?p=54685"},"modified":"2025-04-10T09:45:20","modified_gmt":"2025-04-10T09:45:20","slug":"ucad-bourses-et-conditions-detudes-le-cri-de-detresse-des-etudiants","status":"publish","type":"post","link":"https:\/\/dekkbi.com\/?p=54685","title":{"rendered":"Ucad \u2013\u00a0Bourses et conditions d\u2019\u00e9tudes: Le cri de d\u00e9tresse des \u00e9tudiants"},"content":{"rendered":"\n<p><strong>Le Collectif des amicales de l\u2019Universit\u00e9 Cheikh Anta Diop (Ucad) de Dakar brise le silence. Dans une lettre adress\u00e9e au ministre de l\u2019Enseignement sup\u00e9rieur, de la recherche et de l\u2019innovation, Abdourahmane Diouf, les \u00e9tudiants lui rappellent les crit\u00e8res d\u2019attribution des bourses et listent leurs dol\u00e9ances.<\/strong><\/p>\n\n\n\n<p>\u00abVous n\u2019\u00eates pas le ministre des bourses\u00a0!\u00bb Le ton est donn\u00e9 d\u00e8s les premi\u00e8res lignes de la lettre ouverte adress\u00e9e \u00e0 Abdourahmane Diouf, ministre de l\u2019Enseignement sup\u00e9rieur, de la recherche et de l\u2019innovation, par le Collectif des amicales de l\u2019Universit\u00e9 Cheikh Anta Diop (Ucad). Les \u00e9tudiants haussent le ton et expriment leur ras-le-bol face \u00e0 ce qu\u2019ils consid\u00e8rent comme une d\u00e9connexion totale entre la r\u00e9alit\u00e9 du terrain et les d\u00e9clarations de leur ministre de tutelle. \u00abEt si vous l\u2019\u00e9tiez, vous semblez ne pas en avoir la ma\u00eetrise, car votre souhait est d\u00e9j\u00e0 une r\u00e9alit\u00e9. Pour que nul n\u2019en ignore !\u00bb Dans la lettre, le collectif rappelle que les bourses ne sont pas attribu\u00e9es de mani\u00e8re automatique. \u00abContrairement \u00e0 ce que la communication de la tutelle laisse croire, tous les \u00e9tudiants ne sont pas boursiers et ceux qui le sont r\u00e9pondent \u00e0 des crit\u00e8res d\u2019attribution p\u00e9dagogiques ou sociaux fix\u00e9s par le d\u00e9cret n\u00b02014-963 du 12 ao\u00fbt 2014 et l\u2019arr\u00eat\u00e9 00532 du 15 janvier 2015\u00bb, note le document. Dans la m\u00eame dynamique, ils d\u00e9roulent les r\u00e8gles d\u2019attribution pour d\u00e9noncer l\u2019hypocrisie autour du sujet. \u00abLes bourses d\u2019excellence sont ainsi attribu\u00e9es aux \u00e9tudiants ayant obtenu les mentions \u00abTr\u00e8s bien\u00bb et \u00abBien\u00bb au baccalaur\u00e9at ou aux laur\u00e9ats du Concours g\u00e9n\u00e9ral. Les bourses enti\u00e8res sont attribu\u00e9es aux \u00e9tudiants ayant obtenu la mention \u00abAssez bien\u00bb au baccalaur\u00e9at ou admis par concours dans les \u00e9coles et instituts. La demi-bourse est octroy\u00e9e aux \u00e9tudiants ayant obtenu une moyenne minimum de 10.90 au baccalaur\u00e9at. Les bourses sociales sont donn\u00e9es aux \u00e9tudiants non b\u00e9n\u00e9ficiaires de bourses p\u00e9dagogiques, orphelins, en situation de handicap ou malades, en priorisant le crit\u00e8re p\u00e9dagogique en cas d\u2019\u00e9galit\u00e9 de situation sociale\u00bb, lit-on dans le document. Selon eux, sur la base de ces crit\u00e8res \u00abobjectifs\u00bb clairement d\u00e9finis, des milliers d\u2019\u00e9tudiants, \u00abm\u00eame ayant obtenu le Bac au premier tour, orient\u00e9s parfois \u00e0 des centaines de kilom\u00e8tres de leur r\u00e9sidence habituelle, peuvent \u00eatre totalement exclus du syst\u00e8me de bourse. Ainsi, la seule r\u00e9forme attendue est celle qui n\u2019aura que pour finalit\u00e9 l\u2019am\u00e9lioration des conditions de vie et d\u2019\u00e9tudes, et non leur d\u00e9gradation\u00bb. Cependant, le collectif d\u00e9nonce le paiement partiel des bourses depuis mars 2024. \u00abPour un \u00e9tudiant \u00e0 qui on doit 5 mois de bourse, l\u2019Etat ne lui paie que 2 ou 3 mois, pr\u00e9voyant de lui donner le reliquat au prochain mois\u00bb, d\u00e9plorent les \u00e9tudiants, qui d\u00e9noncent \u00e9galement un abandon g\u00e9n\u00e9ralis\u00e9 de l\u2019Ucad. \u00abLe 1er juin 2023, l\u2019Universit\u00e9 Cheikh Anta Diop de Dakar a \u00e9t\u00e9 abus\u00e9e, sa vocation d\u00e9vi\u00e9e, son \u00e2me corrompue, souill\u00e9e et son avenir compromis. Apr\u00e8s neuf mois de honte et de ridicule, dame Ucad rouvre ses portes en mars 2024, sous un vent d\u2019espoir mais avec des stigmates vivaces\u00bb, font-ils savoir, d\u00e9non\u00e7ant aussi le manque d\u2019amphis qui oblige certains \u00e9tudiants \u00e0 suivre les cours \u00abdebout ou assis sur une brique\u00bb.<\/p>\n\n\n\n<p>Par ailleurs, les masters s\u2019\u00e9ternisent\u00a0: \u00abLes \u00e9tudiants en Master 2 de l\u2019ann\u00e9e 2022-2023 n\u2019ont toujours pas soutenu leur m\u00e9moire.\u00bb Sans oublier qu\u2019\u00e0 l\u2019Ucad, \u00abil n\u2019existe pas de complexe sportif, alors que le pays s\u2019appr\u00eate \u00e0 accueillir les Joj en 2026\u00bb. Pour finir, le collectif lance \u00e9galement plusieurs r\u00e9clamations au ministre. \u00abMonsieur le ministre, les \u00e9tudiants de l\u2019Ucad vous demandent : la livraison des chantiers de logement, la construction de nouveaux amphis et salles de cours, l\u2019\u00e9quipement des laboratoires, le recrutement d\u2019enseignants, l\u2019accompagnement des \u00e9tudiants en Master 2 victimes d\u2019un syst\u00e8me d\u00e9faillant, la dotation en moyens de transport et la construction d\u2019un complexe sportif \u00e0 la dimension de l\u2019Ucad. On ne demande pas le ciel\u00bb, conclut le document.<\/p>\n\n\n\n<p><strong>Par Ousmane SOW \u2013<\/strong> <strong>ousmane.sow@lequotidien.sn<\/strong><\/p>\n","protected":false},"excerpt":{"rendered":"<p>Le Collectif des amicales de l\u2019Universit\u00e9 Cheikh Anta Diop (Ucad) de Dakar brise le silence. Dans une lettre adress\u00e9e au<\/p>\n","protected":false},"author":1,"featured_media":31585,"comment_status":"open","ping_status":"open","sticky":false,"template":"","format":"standard","meta":{"footnotes":""},"categories":[26],"tags":[],"class_list":["post-54685","post","type-post","status-publish","format-standard","has-post-thumbnail","hentry","category-fait-divers"],"_links":{"self":[{"href":"https:\/\/dekkbi.com\/index.php?rest_route=\/wp\/v2\/posts\/54685","targetHints":{"allow":["GET"]}}],"collection":[{"href":"https:\/\/dekkbi.com\/index.php?rest_route=\/wp\/v2\/posts"}],"about":[{"href":"https:\/\/dekkbi.com\/index.php?rest_route=\/wp\/v2\/types\/post"}],"author":[{"embeddable":true,"href":"https:\/\/dekkbi.com\/index.php?rest_route=\/wp\/v2\/users\/1"}],"replies":[{"embeddable":true,"href":"https:\/\/dekkbi.com\/index.php?rest_route=%2Fwp%2Fv2%2Fcomments&post=54685"}],"version-history":[{"count":1,"href":"https:\/\/dekkbi.com\/index.php?rest_route=\/wp\/v2\/posts\/54685\/revisions"}],"predecessor-version":[{"id":54686,"href":"https:\/\/dekkbi.com\/index.php?rest_route=\/wp\/v2\/posts\/54685\/revisions\/54686"}],"wp:featuredmedia":[{"embeddable":true,"href":"https:\/\/dekkbi.com\/index.php?rest_route=\/wp\/v2\/media\/31585"}],"wp:attachment":[{"href":"https:\/\/dekkbi.com\/index.php?rest_route=%2Fwp%2Fv2%2Fmedia&parent=54685"}],"wp:term":[{"taxonomy":"category","embeddable":true,"href":"https:\/\/dekkbi.com\/index.php?rest_route=%2Fwp%2Fv2%2Fcategories&post=54685"},{"taxonomy":"post_tag","embeddable":true,"href":"https:\/\/dekkbi.com\/index.php?rest_route=%2Fwp%2Fv2%2Ftags&post=54685"}],"curies":[{"name":"wp","href":"https:\/\/api.w.org\/{rel}","templated":true}]}}