{"id":54682,"date":"2025-04-10T09:39:42","date_gmt":"2025-04-10T09:39:42","guid":{"rendered":"https:\/\/dekkbi.com\/?p=54682"},"modified":"2025-04-10T11:05:11","modified_gmt":"2025-04-10T11:05:11","slug":"tension-entre-le-mali-et-lalgerie-la-cedeao-prone-le-dialogue","status":"publish","type":"post","link":"https:\/\/dekkbi.com\/?p=54682","title":{"rendered":"Tension entre le Mali et l\u2019Alg\u00e9rie: La Commission de la communaut\u00e9 \u00e9conomique des \u00c9tats de l\u2019Afrique de l\u2019Ouest  pr\u00f4ne le dialogue"},"content":{"rendered":"\n<p><strong>La Commission de la communaut\u00e9 \u00e9conomique des \u00c9tats de l\u2019Afrique de l\u2019Ouest (Cedeao) a lanc\u00e9 un appel aux autorit\u00e9s maliennes et alg\u00e9riennes afin qu\u2019elles \u0153uvrent \u00e0 d\u00e9samorcer les tensions, favorisent le dialogue et exploitent les m\u00e9canismes r\u00e9gionaux et continentaux pour r\u00e9soudre leurs diff\u00e9rends. Cette d\u00e9claration a \u00e9t\u00e9 rendue publique dans un communiqu\u00e9 diffus\u00e9 mercredi.<\/strong><\/p>\n\n\n\n<p>La Cedeao a exprim\u00e9 son inqui\u00e9tude face aux r\u00e9cents \u00e9v\u00e9nements qui ont affect\u00e9 les relations entre la R\u00e9publique du Mali et la R\u00e9publique alg\u00e9rienne d\u00e9mocratique et populaire, tels qu\u2019ils ont \u00e9t\u00e9 relat\u00e9s \u00e0 travers les communiqu\u00e9s officiels publi\u00e9s par les deux pays ces derniers jours.<\/p>\n\n\n\n<p>\u00ab Au nom des \u00c9tats membres de la Cedeao, la Commission exprime sa profonde pr\u00e9occupation face \u00e0 cette situation. Elle appelle le Mali et l\u2019Alg\u00e9rie \u00e0 d\u00e9samorcer la tension, \u00e0 favoriser le dialogue et \u00e0 recourir aux m\u00e9canismes r\u00e9gionaux et continentaux pour r\u00e9soudre leurs diff\u00e9rends \u00bb, a d\u00e9clar\u00e9 la Cedeao dans sa note.<\/p>\n\n\n\n<p>Pour rappel les relations entre ces deux pays voisins se sont plus d\u00e9t\u00e9rior\u00e9es depuis fin mars dernier. En fait, un drone de l\u2019arm\u00e9e malienne a \u00e9t\u00e9 abattu dans les environs de Tinzawatene, \u00e0 la fronti\u00e8re entre le Mali et l\u2019Alg\u00e9rie. Les faits se sont d\u00e9roul\u00e9s dans la nuit du 31 mars au 1er avril dernier. Et selon les autorit\u00e9s maliennes l\u2019appareil \u00e9tait en mission ordinaire de surveillance du territoire. Quant \u00e0 la partie alg\u00e9rienne, elle d\u00e9clare avoir abattu un drone de reconnaissance arm\u00e9 qui avait p\u00e9n\u00e9tr\u00e9 son espace a\u00e9rien sur une distance de 2 kilom\u00e8tres. Actuellement, les deux parties ont rappel\u00e9 chacun leurs ambassadeurs respectifs.<\/p>\n\n\n\n<p><strong>Mariama DIEME<\/strong> &#8211; LESOLEIL<\/p>\n","protected":false},"excerpt":{"rendered":"<p>La Commission de la communaut\u00e9 \u00e9conomique des \u00c9tats de l\u2019Afrique de l\u2019Ouest (Cedeao) a lanc\u00e9 un appel aux autorit\u00e9s maliennes<\/p>\n","protected":false},"author":1,"featured_media":54683,"comment_status":"open","ping_status":"open","sticky":false,"template":"","format":"standard","meta":{"footnotes":""},"categories":[51],"tags":[],"class_list":["post-54682","post","type-post","status-publish","format-standard","has-post-thumbnail","hentry","category-general"],"_links":{"self":[{"href":"https:\/\/dekkbi.com\/index.php?rest_route=\/wp\/v2\/posts\/54682","targetHints":{"allow":["GET"]}}],"collection":[{"href":"https:\/\/dekkbi.com\/index.php?rest_route=\/wp\/v2\/posts"}],"about":[{"href":"https:\/\/dekkbi.com\/index.php?rest_route=\/wp\/v2\/types\/post"}],"author":[{"embeddable":true,"href":"https:\/\/dekkbi.com\/index.php?rest_route=\/wp\/v2\/users\/1"}],"replies":[{"embeddable":true,"href":"https:\/\/dekkbi.com\/index.php?rest_route=%2Fwp%2Fv2%2Fcomments&post=54682"}],"version-history":[{"count":2,"href":"https:\/\/dekkbi.com\/index.php?rest_route=\/wp\/v2\/posts\/54682\/revisions"}],"predecessor-version":[{"id":54729,"href":"https:\/\/dekkbi.com\/index.php?rest_route=\/wp\/v2\/posts\/54682\/revisions\/54729"}],"wp:featuredmedia":[{"embeddable":true,"href":"https:\/\/dekkbi.com\/index.php?rest_route=\/wp\/v2\/media\/54683"}],"wp:attachment":[{"href":"https:\/\/dekkbi.com\/index.php?rest_route=%2Fwp%2Fv2%2Fmedia&parent=54682"}],"wp:term":[{"taxonomy":"category","embeddable":true,"href":"https:\/\/dekkbi.com\/index.php?rest_route=%2Fwp%2Fv2%2Fcategories&post=54682"},{"taxonomy":"post_tag","embeddable":true,"href":"https:\/\/dekkbi.com\/index.php?rest_route=%2Fwp%2Fv2%2Ftags&post=54682"}],"curies":[{"name":"wp","href":"https:\/\/api.w.org\/{rel}","templated":true}]}}