{"id":54674,"date":"2025-04-10T09:18:54","date_gmt":"2025-04-10T09:18:54","guid":{"rendered":"https:\/\/dekkbi.com\/?p=54674"},"modified":"2025-04-10T09:19:16","modified_gmt":"2025-04-10T09:19:16","slug":"dakar-et-pretoria-saluent-le-dynamisme-de-leurs-relations","status":"publish","type":"post","link":"https:\/\/dekkbi.com\/?p=54674","title":{"rendered":"Dakar et Pretoria saluent le \u2018\u2019dynamisme\u2019\u2019 de leurs relations"},"content":{"rendered":"\n<p>Dakar, (APS) \u2013 La ministre s\u00e9n\u00e9galaise de l\u2019Int\u00e9gration africaine et des Affaires \u00e9trang\u00e8res, Yassine Fall, et son homologue sud-africain, Ronald Ozzy Lamola, se sont r\u00e9jouis, mercredi, \u00e0 Dakar, du \u2018\u2019dynamisme\u2019\u2019 de la coop\u00e9ration qu\u2019entretiennent l\u2019Afrique du Sud et le S\u00e9n\u00e9gal sur la base de leur attachement \u00e0 l\u2019int\u00e9gration africaine, \u00e0 la d\u00e9mocratie et \u00e0 la d\u00e9fense des droits de l\u2019homme.<\/p>\n\n\n\n<p>Ils copr\u00e9sidaient la quatri\u00e8me session de la \u2018\u2019grande commission mixte de coop\u00e9ration\u2019\u2019 entre le S\u00e9n\u00e9gal et l\u2019Afrique du Sud.<\/p>\n\n\n\n<p>Cette rencontre \u2018\u2019illustre l\u2019excellence de nos relations d\u2019amiti\u00e9 et le dynamisme de la coop\u00e9ration entre nos deux pays\u2019\u2019, des relations \u2018\u2019fond\u00e9es sur des valeurs communes d\u2019attachement \u00e0 l\u2019int\u00e9gration africaine, \u00e0 la d\u00e9mocratie, \u00e0 la promotion des droits de l\u2019homme et \u00e0 l\u2019engagement pour la paix et la s\u00e9curit\u00e9 internationale\u2019\u2019, a dit Mme Fall.<\/p>\n\n\n\n<p>\u2018\u2019Ces liens s\u00e9culaires de fraternit\u00e9 et de solidarit\u00e9, qui unissent l\u2019Afrique du Sud et le S\u00e9n\u00e9gal, constituent la s\u00e8ve nourrici\u00e8re d\u2019une coop\u00e9ration bilat\u00e9rale dynamique et multisectorielle, qui se veut [\u2026] renforc\u00e9e au regard du leadership des deux pays sur le continent africain, de leur poids au sein de leurs communaut\u00e9s \u00e9conomiques r\u00e9gionales respectives\u2019\u2019, a-t-elle affirm\u00e9.<\/p>\n\n\n\n<p>L\u2019Afrique du Sud et le S\u00e9n\u00e9gal, qui sont li\u00e9s par une quinzaine d\u2019accords bilat\u00e9raux, promeuvent les int\u00e9r\u00eats africains et doivent b\u00e9n\u00e9ficier des nombreuses et diverses opportunit\u00e9s \u00e9conomiques et commerciales qui s\u2019offrent \u00e0 eux, selon Yassine Fall.<\/p>\n\n\n\n<p>\u2018\u2019Ce dynamisme [de] nos relations politiques, adoss\u00e9e \u00e0 une vision clairvoyante de nos plus hautes autorit\u00e9s, s\u2019est traduite de fort belle mani\u00e8re par le renforcement de la coop\u00e9ration \u00e9conomique et commerciale entre nos deux pays\u2019\u2019, a-t-elle poursuivi.<\/p>\n\n\n\n<p>L\u2019accord avec lequel les deux pays ont cr\u00e9\u00e9 une commission mixte de coop\u00e9ration en 2021 fait partie de leur quinzaine d\u2019accords bilat\u00e9raux, selon les deux parties.<\/p>\n\n\n\n<p>Le suivi de ces accords \u2018\u2019nous obligera \u00e0 renforcer et \u00e0 tirer le maximum de b\u00e9n\u00e9fices de la coop\u00e9ration bilat\u00e9rale\u2019\u2019, a dit la ministre s\u00e9n\u00e9galaise de l\u2019Int\u00e9gration africaine et des Affaires \u00e9trang\u00e8res.<\/p>\n\n\n\n<figure class=\"wp-block-image\"><img decoding=\"async\" src=\"https:\/\/aps.sn\/wp-content\/uploads\/2025\/04\/yassinefalltrois.webp\" alt=\"\" class=\"wp-image-293842\"\/><\/figure>\n\n\n\n<p>La r\u00e9union de la commission mixte de coop\u00e9ration est en m\u00eame temps, \u00e0 ses yeux, une \u2018\u2019rencontre pr\u00e9liminaire\u2019\u2019 du Forum Africa Invest pr\u00e9vu \u00e0 Dakar.<br>Yassine Fall appelle les entrepreneurs et les industriels des deux pays \u00e0 \u00eatre les \u2018\u2019catalyseurs\u2019\u2019 d\u2019un partenariat plus f\u00e9cond et tourn\u00e9 vers une int\u00e9gration africaine plus pouss\u00e9e.<\/p>\n\n\n\n<p>\u2018\u2019Le S\u00e9n\u00e9gal et l\u2019Afrique du Sud sont des partenaires strat\u00e9giques et des acteurs \u00e9conomiques importants au sein de l\u2019Union africaine\u2019\u2019, a dit le ministre sud-africain des Relations internationales et de la Coop\u00e9ration, Ronald Ozzy Lamola.<\/p>\n\n\n\n<p>Les deux pays veulent coop\u00e9rer davantage, dans les domaines de la recherche, de l\u2019\u00e9ducation, des transports, de la culture, de l\u2019agriculture et de la d\u00e9fense, selon M. Lomola.<\/p>\n\n\n\n<p>En raison de son leadership au sein de la Communaut\u00e9 \u00e9conomique des \u00c9tats de l\u2019Afrique de l\u2019Ouest, il devient n\u00e9cessaire, pour le S\u00e9n\u00e9gal, de faire de la zone de libre-\u00e9change continentale africaine un outil de renforcement de la coop\u00e9ration entre les pays du continent, estime le ministre sud-africain.<\/p>\n\n\n\n<figure class=\"wp-block-embed is-type-rich is-provider-prise-en-charge-des-contenus-embarqu-s wp-block-embed-prise-en-charge-des-contenus-embarqu-s wp-embed-aspect-16-9 wp-has-aspect-ratio\"><div class=\"wp-block-embed__wrapper\">\n<iframe loading=\"lazy\" title=\"4e session de la commission Mixte de coop\u00e9ration entre le S\u00e9n\u00e9gal et l\u2019Afrique du Sud\" width=\"800\" height=\"450\" src=\"https:\/\/www.youtube.com\/embed\/WpoNyBIGz08?feature=oembed\" frameborder=\"0\" allow=\"accelerometer; autoplay; clipboard-write; encrypted-media; gyroscope; picture-in-picture; web-share\" referrerpolicy=\"strict-origin-when-cross-origin\" allowfullscreen><\/iframe>\n<\/div><\/figure>\n\n\n\n<p>KM\/HB\/HK\/ESF&nbsp;<\/p>\n","protected":false},"excerpt":{"rendered":"<p>Dakar, (APS) \u2013 La ministre s\u00e9n\u00e9galaise de l\u2019Int\u00e9gration africaine et des Affaires \u00e9trang\u00e8res, Yassine Fall, et son homologue sud-africain, Ronald<\/p>\n","protected":false},"author":1,"featured_media":54677,"comment_status":"open","ping_status":"open","sticky":false,"template":"","format":"standard","meta":{"footnotes":""},"categories":[6],"tags":[],"class_list":["post-54674","post","type-post","status-publish","format-standard","has-post-thumbnail","hentry","category-politics"],"_links":{"self":[{"href":"https:\/\/dekkbi.com\/index.php?rest_route=\/wp\/v2\/posts\/54674","targetHints":{"allow":["GET"]}}],"collection":[{"href":"https:\/\/dekkbi.com\/index.php?rest_route=\/wp\/v2\/posts"}],"about":[{"href":"https:\/\/dekkbi.com\/index.php?rest_route=\/wp\/v2\/types\/post"}],"author":[{"embeddable":true,"href":"https:\/\/dekkbi.com\/index.php?rest_route=\/wp\/v2\/users\/1"}],"replies":[{"embeddable":true,"href":"https:\/\/dekkbi.com\/index.php?rest_route=%2Fwp%2Fv2%2Fcomments&post=54674"}],"version-history":[{"count":1,"href":"https:\/\/dekkbi.com\/index.php?rest_route=\/wp\/v2\/posts\/54674\/revisions"}],"predecessor-version":[{"id":54678,"href":"https:\/\/dekkbi.com\/index.php?rest_route=\/wp\/v2\/posts\/54674\/revisions\/54678"}],"wp:featuredmedia":[{"embeddable":true,"href":"https:\/\/dekkbi.com\/index.php?rest_route=\/wp\/v2\/media\/54677"}],"wp:attachment":[{"href":"https:\/\/dekkbi.com\/index.php?rest_route=%2Fwp%2Fv2%2Fmedia&parent=54674"}],"wp:term":[{"taxonomy":"category","embeddable":true,"href":"https:\/\/dekkbi.com\/index.php?rest_route=%2Fwp%2Fv2%2Fcategories&post=54674"},{"taxonomy":"post_tag","embeddable":true,"href":"https:\/\/dekkbi.com\/index.php?rest_route=%2Fwp%2Fv2%2Ftags&post=54674"}],"curies":[{"name":"wp","href":"https:\/\/api.w.org\/{rel}","templated":true}]}}