{"id":54669,"date":"2025-04-10T09:13:18","date_gmt":"2025-04-10T09:13:18","guid":{"rendered":"https:\/\/dekkbi.com\/?p=54669"},"modified":"2025-04-10T09:19:35","modified_gmt":"2025-04-10T09:19:35","slug":"face-a-lhegemonie-de-pastef-le-sall-couple-de-lassemblee","status":"publish","type":"post","link":"https:\/\/dekkbi.com\/?p=54669","title":{"rendered":"Face \u00e0 l\u2019h\u00e9g\u00e9monie de Pastef : LE SALL COUPLE DE L\u2019ASSEMBL\u00c9E"},"content":{"rendered":"\n<p><strong>Au sein d\u2019une Assembl\u00e9e nationale totalement domin\u00e9e par Pastef, l\u2019opposition essaie de faire entendre sa voix \u00e0 travers A\u00efssata Tall Sall et Thierno Alassane Sall, qui tentent de s\u2019\u00e9riger en contre-pouvoir. Mais, les haies sont nombreuses pour arriver \u00e0 incarner une forme d\u2019alternative au r\u00e9gime dans cet H\u00e9micycle.<\/strong><strong>\u00a0<\/strong><\/p>\n\n\n\n<p>Apr\u00e8s les r\u00e9sultats de la Pr\u00e9sidentielle du 24 mars 2024 et des L\u00e9gislatives du 17 novembre 2024, l\u2019ordre politique a compl\u00e8tement chang\u00e9 dans ce pays. Alors que l\u2019actuel parti au pouvoir et ses associ\u00e9s se repr\u00e9sentent la politique comme un grand \u00e9chiquier, o\u00f9 des blocs amis et des blocs hostiles cherchent \u00e0 obtenir un avantage, l\u2019opposition se retrouve dans un grand jeu de Monopoly, o\u00f9 de multiples rivaux luttent pour leur existence. En menant des luttes communes dans certains dossiers, l\u2019opposition parlementaire montre que les ententes ne doivent pas reposer sur des fantasmes id\u00e9alistes ou id\u00e9ologiques, mais sur des alliances pragmatiques, pour offrir une alternative \u00e0 Diomaye-Sonko. Avec le triomphe de Pastef, supervis\u00e9 pour le compte de la majorit\u00e9 par Ousmane Sonko, l\u2019Assembl\u00e9e nationale a compl\u00e8tement chang\u00e9 de visage. Et de pratiques ? C\u2019est une autre histoire.<\/p>\n\n\n\n<p><strong>ATS, muse de Takku<\/strong><br>Aujourd\u2019hui, l\u2019alarmisme surjou\u00e9 ou non de Takku Wallu et des d\u00e9put\u00e9s non inscrits est amplifi\u00e9 par A\u00efssata Tall Sall et Thierno Alassane Sall, qui incarnent une forme de r\u00e9sistance dans l\u2019H\u00e9micycle. L\u2019ex-ministre de la Justice, qui dirige l\u2019unique groupe parlementaire de l\u2019opposition, est devenue une sorte de muse, une voix dissonante au sein d\u2019une Assembl\u00e9e nationale totalement domin\u00e9e par Pastef avec ses 130 d\u00e9put\u00e9s. Avec son bagout d\u2019avocate, avec plus de 30 ans de barreau, ministre des Affaires \u00e9trang\u00e8res et de la Justice sous le r\u00e9gime Sall, l\u2019ancienne maire de Podor fait l\u2019unanimit\u00e9 pour occuper le poste de pr\u00e9sidente du Groupe parlementaire Takku Wallu Senegaal. Macky Sall ne s\u2019est pas tromp\u00e9 en portant son choix sur elle alors que le d\u00e9put\u00e9 Abdou Mbow dirigeait le Benno bokk yaakaar, qui avait plus de moyens. Mais, elle a le \u00abmatos\u00bb pour surnager dans cette Assembl\u00e9e aux couleurs de Pastef. Cette exp\u00e9rience \u00e9tatique, coupl\u00e9e \u00e0 son savoir-faire judiciaire, permet \u00e0 Me Sall de sortir son \u00e9pingle du jeu. Lors de la lev\u00e9e de l\u2019immunit\u00e9 parlementaire de Farba Ngom et du vote du projet de loi portant interpr\u00e9tation de la loi d\u2019amnistie, A\u00efssata Tall Sall a remis sa robe d\u2019avocate pour faire une plaidoirie, qui rappelle ses heures devant les pr\u00e9toires. Bien s\u00fbr, il s\u2019agit d\u2019une existence parlementaire qui permet au groupe d\u2019entretenir une version r\u00e9chauff\u00e9e de la th\u00e9orie d\u2019une opposition r\u00e9publicaine servie aux populations.<\/p>\n\n\n\n<p><strong>TAS d\u2019engagement<\/strong><\/p>\n\n\n\n<p>Au m\u00eame titre que Thierno Alassane Sall ? Le pr\u00e9sident de la R\u00e9publique des valeurs, qui a opt\u00e9 pour \u00eatre un d\u00e9put\u00e9 non inscrit, reste dans le sillage de son dernier mandat. Depuis le d\u00e9but de la 15\u00e8me L\u00e9gislature, il a rev\u00eatu le costume de l\u2019opposant pour d\u00e9noncer les \u00abd\u00e9rives\u00bb du r\u00e9gime Pastef. Au sein de l\u2019H\u00e9micycle, sa voix porte haut pour faire des critiques sur la bonne gouvernance et le \u00abnon-respect\u00bb de la rupture promise par le tandem de l\u2019Ex\u00e9cutif. Il a tent\u00e9 de parrainer la loi portant sur l\u2019abrogation de l\u2019amnistie du 13 mars 2024 en d\u00e9posant son projet sur la table de l\u2019Assembl\u00e9e nationale. Elle a \u00e9t\u00e9 retoqu\u00e9e par Pastef qui a pr\u00e9f\u00e9r\u00e9 soumettre, par le biais du d\u00e9put\u00e9 Amadou B\u00e2, une interpr\u00e9tation vot\u00e9e finalement le 2 avril dernier.<\/p>\n\n\n\n<p>Passablement agac\u00e9 par la tournure des \u00e9v\u00e8nements, le pr\u00e9sident de la R\u00e9publique des valeurs a remis son \u00e9charpe parlementaire pour continuer \u00e0 s\u2019\u00e9charper avec le pouvoir. ATS et TAS dirigent la fronde en cours en annon\u00e7ant le boycott de la prochaine pl\u00e9ni\u00e8re pr\u00e9vue le 14 avril, avec la venue du Premier ministre, et le recours en annulation de la loi interpr\u00e9tative devant le Conseil constitutionnel. TAS enrage&nbsp;: \u00abL\u2019opposition a donc d\u00e9cid\u00e9 de boycotter les travaux initialement pr\u00e9vus demain. Par respect pour nos \u00e9lecteurs et l\u2019opinion nationale, nous tenons cette s\u00e9ance d\u2019information afin que nul n\u2019en ignore le sens et le bien-fond\u00e9. Que se passe-t-il \u00e0 l\u2019Assembl\u00e9e nationale pour que nous en arrivions l\u00e0 ? Deux raisons, aussi graves l\u2019une que l\u2019autre, motivent ce boycott. La premi\u00e8re r\u00e9side dans les violations r\u00e9p\u00e9t\u00e9es et d\u00e9lib\u00e9r\u00e9es du R\u00e8glement int\u00e9rieur par la majorit\u00e9, sous l\u2019impulsion du pr\u00e9sident de l\u2019institution, qui agit comme s\u2019il \u00e9tait le pr\u00e9sident du Groupe parlementaire Pastef.\u00bb<\/p>\n\n\n\n<p>Aujourd\u2019hui, c\u2019est un Sall \u00abcouple\u00bb qui tente de r\u00e9animer l\u2019opposition, dans le coma depuis la d\u00e9route du 24 mars, au sein d\u2019une Assembl\u00e9e fortement sonkoris\u00e9e. A 4 ans des grandes \u00e9ch\u00e9ances politiques, personne ne pourra estimer les futurs dividendes \u00e9lectoraux. Qui sait\u00a0?<\/p>\n\n\n\n<p><strong>Par B. SAKHO \u2013<\/strong> <strong>bsakho@lequotidien.sn<\/strong><\/p>\n","protected":false},"excerpt":{"rendered":"<p>Au sein d\u2019une Assembl\u00e9e nationale totalement domin\u00e9e par Pastef, l\u2019opposition essaie de faire entendre sa voix \u00e0 travers A\u00efssata Tall<\/p>\n","protected":false},"author":1,"featured_media":54670,"comment_status":"open","ping_status":"open","sticky":false,"template":"","format":"standard","meta":{"footnotes":""},"categories":[6],"tags":[],"class_list":["post-54669","post","type-post","status-publish","format-standard","has-post-thumbnail","hentry","category-politics"],"_links":{"self":[{"href":"https:\/\/dekkbi.com\/index.php?rest_route=\/wp\/v2\/posts\/54669","targetHints":{"allow":["GET"]}}],"collection":[{"href":"https:\/\/dekkbi.com\/index.php?rest_route=\/wp\/v2\/posts"}],"about":[{"href":"https:\/\/dekkbi.com\/index.php?rest_route=\/wp\/v2\/types\/post"}],"author":[{"embeddable":true,"href":"https:\/\/dekkbi.com\/index.php?rest_route=\/wp\/v2\/users\/1"}],"replies":[{"embeddable":true,"href":"https:\/\/dekkbi.com\/index.php?rest_route=%2Fwp%2Fv2%2Fcomments&post=54669"}],"version-history":[{"count":1,"href":"https:\/\/dekkbi.com\/index.php?rest_route=\/wp\/v2\/posts\/54669\/revisions"}],"predecessor-version":[{"id":54671,"href":"https:\/\/dekkbi.com\/index.php?rest_route=\/wp\/v2\/posts\/54669\/revisions\/54671"}],"wp:featuredmedia":[{"embeddable":true,"href":"https:\/\/dekkbi.com\/index.php?rest_route=\/wp\/v2\/media\/54670"}],"wp:attachment":[{"href":"https:\/\/dekkbi.com\/index.php?rest_route=%2Fwp%2Fv2%2Fmedia&parent=54669"}],"wp:term":[{"taxonomy":"category","embeddable":true,"href":"https:\/\/dekkbi.com\/index.php?rest_route=%2Fwp%2Fv2%2Fcategories&post=54669"},{"taxonomy":"post_tag","embeddable":true,"href":"https:\/\/dekkbi.com\/index.php?rest_route=%2Fwp%2Fv2%2Ftags&post=54669"}],"curies":[{"name":"wp","href":"https:\/\/api.w.org\/{rel}","templated":true}]}}