{"id":54666,"date":"2025-04-10T09:08:31","date_gmt":"2025-04-10T09:08:31","guid":{"rendered":"https:\/\/dekkbi.com\/?p=54666"},"modified":"2025-04-10T09:08:32","modified_gmt":"2025-04-10T09:08:32","slug":"lelection-du-nouveau-president-sera-un-element-cle-des-prochaines-assemblees-annuelles-de-la-bad-selon-son-secretaire-general","status":"publish","type":"post","link":"https:\/\/dekkbi.com\/?p=54666","title":{"rendered":"L\u2019\u00e9lection du nouveau pr\u00e9sident sera \u2018\u2019un \u00e9l\u00e9ment cl\u00e9\u2019\u2019 des prochaines assembl\u00e9es annuelles de la BAD, selon son secr\u00e9taire g\u00e9n\u00e9ral"},"content":{"rendered":"\n<p>Dakar, (APS) \u2013 L\u2019\u00e9lection du nouveau pr\u00e9sident de la Banque africaine de d\u00e9veloppement (BAD) sera \u2018\u2019un \u00e9l\u00e9ment cl\u00e9\u2019\u2019 de l\u2019agenda des prochaines assembl\u00e9es annuelles de cette institution financi\u00e8re pr\u00e9vues \u00e0 Abidjan du 26 au 30 mai 2025, a dit, mercredi, son secr\u00e9taire g\u00e9n\u00e9ral, Vincent Nmehielle.<\/p>\n\n\n\n<p>\u2018\u2019Il convient de mentionner un \u00e9l\u00e9ment cl\u00e9 de la r\u00e9union annuelle, \u00e0 savoir l\u2019\u00e9lection du prochain pr\u00e9sident de la [BAD], qui se tiendra le 29 mai\u2019\u2019, a-t-il affirm\u00e9 lors d\u2019une visioconf\u00e9rence.<\/p>\n\n\n\n<p>M. Nmehielle a \u00e9voqu\u00e9 aussi l\u2019examen du rapport annuel consacr\u00e9 aux op\u00e9rations et aux activit\u00e9s de la Banque africaine de d\u00e9veloppement et du Fonds africain de d\u00e9veloppement pour l\u2019exercice financier pr\u00e9c\u00e9dent, celui de 2024.<\/p>\n\n\n\n<p>\u2018\u2019Les gouverneurs d\u00e9lib\u00e9reront et adopteront des r\u00e9solutions concernant diff\u00e9rentes d\u00e9cisions\u2019\u2019, a ajout\u00e9 le secr\u00e9taire g\u00e9n\u00e9ral de la BAD.<\/p>\n\n\n\n<p>\u2018\u2019Faire en sorte que le capital de l\u2019Afrique fonctionne mieux pour le d\u00e9veloppement de l\u2019Afrique\u2019\u2019 est le th\u00e8me des assembl\u00e9es annuelles du groupe de la Banque africaine de d\u00e9veloppement, selon Vincent Nmehielle.<\/p>\n\n\n\n<p>Les discussions sur ce th\u00e8me permettront d\u2019identifier et d\u2019exploiter les opportunit\u00e9s offertes par le capital africain comme principal moteur de la transformation structurelle du continent, a-t-il expliqu\u00e9.<\/p>\n\n\n\n<p>M. Nmehielle rappelle que les assembl\u00e9es annuelles sont \u2018\u2019l\u2019\u00e9v\u00e9nement le plus important\u2019\u2019 de l\u2019institution financi\u00e8re qui r\u00e9unit 81 pays.<\/p>\n\n\n\n<p>Pr\u00e8s de 6 000 participants sont attendues \u00e0 Abidjan pour cette rencontre, a-t-il dit.<\/p>\n\n\n\n<p>\u2018\u2019Nous aurons les r\u00e9unions statutaires de la [BAD], une premi\u00e8re session du conseil des gouverneurs pour examiner et approuver les recommandations des divers organes subsidiaires, et une deuxi\u00e8me pour \u00e9lire les directeurs ex\u00e9cutifs de la Banque [africaine de d\u00e9veloppement] et s\u00e9lectionner les directeurs ex\u00e9cutifs du Fonds [africain de d\u00e9veloppement]\u2019\u2019, a affirm\u00e9 Kevin Urama, \u00e9conomiste en chef et vice-pr\u00e9sident du groupe de la BAD.<\/p>\n\n\n\n<p>Le conseil des gouverneurs va s\u2019entretenir avec chacun des candidats \u00e0 la pr\u00e9sidence de la BAD, avant l\u2019\u00e9lection, a dit M. Urama en intervenant \u00e0 la visioconf\u00e9rence.<\/p>\n\n\n\n<p>Six candidats, dont le banquier, \u00e9conomiste et ancien ministre s\u00e9n\u00e9galais Amadou Hott, sont candidats \u00e0 l\u2019\u00e9lection du pr\u00e9sident de la BAD.<\/p>\n\n\n\n<p>Le B\u00e9ninois Romuald Wadagni, le Tchadien Abbas Mahamat Tolli, le Mauritanien Ousmane Kane, le Zambien Samuel Maimbo, et la Sud-Africaine Bajabulile Swazi Tshabalala sont \u00e9galement candidats.<\/p>\n\n\n\n<p>La BAD, dont le si\u00e8ge se trouve \u00e0 Abidjan, a \u00e9t\u00e9 fond\u00e9e en 1964. Le groupe comprend la Banque africaine de d\u00e9veloppement, le Fonds africain de d\u00e9veloppement, cr\u00e9\u00e9 en 1972, et le Fonds sp\u00e9cial du Nigeria, cr\u00e9\u00e9 en 1976.<\/p>\n\n\n\n<p>MFD\/SMD\/OID\/ESF<\/p>\n","protected":false},"excerpt":{"rendered":"<p>Dakar, (APS) \u2013 L\u2019\u00e9lection du nouveau pr\u00e9sident de la Banque africaine de d\u00e9veloppement (BAD) sera \u2018\u2019un \u00e9l\u00e9ment cl\u00e9\u2019\u2019 de l\u2019agenda<\/p>\n","protected":false},"author":1,"featured_media":54667,"comment_status":"open","ping_status":"open","sticky":false,"template":"","format":"standard","meta":{"footnotes":""},"categories":[3],"tags":[],"class_list":["post-54666","post","type-post","status-publish","format-standard","has-post-thumbnail","hentry","category-event-more-news"],"_links":{"self":[{"href":"https:\/\/dekkbi.com\/index.php?rest_route=\/wp\/v2\/posts\/54666","targetHints":{"allow":["GET"]}}],"collection":[{"href":"https:\/\/dekkbi.com\/index.php?rest_route=\/wp\/v2\/posts"}],"about":[{"href":"https:\/\/dekkbi.com\/index.php?rest_route=\/wp\/v2\/types\/post"}],"author":[{"embeddable":true,"href":"https:\/\/dekkbi.com\/index.php?rest_route=\/wp\/v2\/users\/1"}],"replies":[{"embeddable":true,"href":"https:\/\/dekkbi.com\/index.php?rest_route=%2Fwp%2Fv2%2Fcomments&post=54666"}],"version-history":[{"count":1,"href":"https:\/\/dekkbi.com\/index.php?rest_route=\/wp\/v2\/posts\/54666\/revisions"}],"predecessor-version":[{"id":54668,"href":"https:\/\/dekkbi.com\/index.php?rest_route=\/wp\/v2\/posts\/54666\/revisions\/54668"}],"wp:featuredmedia":[{"embeddable":true,"href":"https:\/\/dekkbi.com\/index.php?rest_route=\/wp\/v2\/media\/54667"}],"wp:attachment":[{"href":"https:\/\/dekkbi.com\/index.php?rest_route=%2Fwp%2Fv2%2Fmedia&parent=54666"}],"wp:term":[{"taxonomy":"category","embeddable":true,"href":"https:\/\/dekkbi.com\/index.php?rest_route=%2Fwp%2Fv2%2Fcategories&post=54666"},{"taxonomy":"post_tag","embeddable":true,"href":"https:\/\/dekkbi.com\/index.php?rest_route=%2Fwp%2Fv2%2Ftags&post=54666"}],"curies":[{"name":"wp","href":"https:\/\/api.w.org\/{rel}","templated":true}]}}