{"id":54658,"date":"2025-04-10T09:00:23","date_gmt":"2025-04-10T09:00:23","guid":{"rendered":"https:\/\/dekkbi.com\/?p=54658"},"modified":"2025-04-10T10:31:03","modified_gmt":"2025-04-10T10:31:03","slug":"ossements-decouverts-au-foyer-de-charite-lenquete-soriente-vers-une-origine-humaine-le-soleil","status":"publish","type":"post","link":"https:\/\/dekkbi.com\/?p=54658","title":{"rendered":"Ossements au Foyer de charit\u00e9 : l\u2019enqu\u00eate s\u2019oriente vers une origine humaine"},"content":{"rendered":"\n<p>L\u2019affaire intrigue autant qu\u2019elle inqui\u00e8te : la macabre d\u00e9couverte sur le site du Foyer de charit\u00e9 de Cap des Biches, \u00e0 Rufisque, prend une nouvelle tournure. Selon Lib\u00e9ration, \u00e0 l\u2019origine de la r\u00e9v\u00e9lation, les premiers r\u00e9sultats confirment que certains des ossements exhum\u00e9s sont bien d\u2019origine humaine.<\/p>\n\n\n\n<p>La police de Rufisque, en charge de l\u2019enqu\u00eate, a sollicit\u00e9 l\u2019expertise de l\u2019Institut fondamental d\u2019Afrique noire (IFAN) pour analyser ces restes. Une r\u00e9quisition officielle a \u00e9t\u00e9 adress\u00e9e \u00e0 cette institution de r\u00e9f\u00e9rence en anthropologie et arch\u00e9ologie afin de d\u00e9terminer, notamment, l\u2019anciennet\u00e9 des ossements.<\/p>\n\n\n\n<p>Ce terrain, aujourd\u2019hui occup\u00e9 par une communaut\u00e9 religieuse, n\u2019est pas sans histoire. Il a autrefois abrit\u00e9 un camp militaire \u00e0 l\u2019\u00e9poque coloniale, un pass\u00e9 qui pourrait \u00e9clairer certaines hypoth\u00e8ses, sans toutefois en \u00e9carter d\u2019autres, telles que la pr\u00e9sence d\u2019un ancien cimeti\u00e8re ou m\u00eame d\u2019un drame ancien et encore inconnu.<\/p>\n\n\n\n<p>Les analyses approfondies de l\u2019IFAN seront cruciales pour d\u00e9terminer l\u2019origine exacte des restes d\u00e9couverts, et orienteront les suites de l\u2019enqu\u00eate. En attendant, le myst\u00e8re reste entier autour de ce site paisible, d\u00e9sormais au c\u0153ur d\u2019une investigation aux accents historiques et peut-\u00eatre criminels.<\/p>\n\n\n\n<p>SOURCE LESOLEIL<\/p>\n","protected":false},"excerpt":{"rendered":"<p>L\u2019affaire intrigue autant qu\u2019elle inqui\u00e8te : la macabre d\u00e9couverte sur le site du Foyer de charit\u00e9 de Cap des Biches,<\/p>\n","protected":false},"author":1,"featured_media":54659,"comment_status":"open","ping_status":"open","sticky":false,"template":"","format":"standard","meta":{"footnotes":""},"categories":[26],"tags":[],"class_list":["post-54658","post","type-post","status-publish","format-standard","has-post-thumbnail","hentry","category-fait-divers"],"_links":{"self":[{"href":"https:\/\/dekkbi.com\/index.php?rest_route=\/wp\/v2\/posts\/54658","targetHints":{"allow":["GET"]}}],"collection":[{"href":"https:\/\/dekkbi.com\/index.php?rest_route=\/wp\/v2\/posts"}],"about":[{"href":"https:\/\/dekkbi.com\/index.php?rest_route=\/wp\/v2\/types\/post"}],"author":[{"embeddable":true,"href":"https:\/\/dekkbi.com\/index.php?rest_route=\/wp\/v2\/users\/1"}],"replies":[{"embeddable":true,"href":"https:\/\/dekkbi.com\/index.php?rest_route=%2Fwp%2Fv2%2Fcomments&post=54658"}],"version-history":[{"count":2,"href":"https:\/\/dekkbi.com\/index.php?rest_route=\/wp\/v2\/posts\/54658\/revisions"}],"predecessor-version":[{"id":54701,"href":"https:\/\/dekkbi.com\/index.php?rest_route=\/wp\/v2\/posts\/54658\/revisions\/54701"}],"wp:featuredmedia":[{"embeddable":true,"href":"https:\/\/dekkbi.com\/index.php?rest_route=\/wp\/v2\/media\/54659"}],"wp:attachment":[{"href":"https:\/\/dekkbi.com\/index.php?rest_route=%2Fwp%2Fv2%2Fmedia&parent=54658"}],"wp:term":[{"taxonomy":"category","embeddable":true,"href":"https:\/\/dekkbi.com\/index.php?rest_route=%2Fwp%2Fv2%2Fcategories&post=54658"},{"taxonomy":"post_tag","embeddable":true,"href":"https:\/\/dekkbi.com\/index.php?rest_route=%2Fwp%2Fv2%2Ftags&post=54658"}],"curies":[{"name":"wp","href":"https:\/\/api.w.org\/{rel}","templated":true}]}}