{"id":54639,"date":"2025-04-09T16:17:51","date_gmt":"2025-04-09T16:17:51","guid":{"rendered":"https:\/\/dekkbi.com\/?p=54639"},"modified":"2025-04-09T16:18:39","modified_gmt":"2025-04-09T16:18:39","slug":"desendettement-de-la-france-le-gouvernement-va-depenser-5-milliards-deuros-en-moins","status":"publish","type":"post","link":"https:\/\/dekkbi.com\/?p=54639","title":{"rendered":"D\u00e9sendettement de la France"},"content":{"rendered":"\n<p>\u00a9 2025 AFP &#8211; La ministre fran\u00e7aise des Comptes publics, Am\u00e9lie de Montchalin, a annonc\u00e9 mercredi un effort suppl\u00e9mentaire de r\u00e9duction de la d\u00e9pense, de 5 milliards d&rsquo;euros, pour \u00ab\u00a0tenir\u00a0\u00bb les objectifs de d\u00e9sendettement du gouvernement, dont une partie pourrait \u00eatre r\u00e9allou\u00e9e au secteur d\u00e9fense.<\/p>\n\n\n\n<p>\u00ab\u00a0Il y a 5 milliards d&rsquo;euros d&rsquo;efforts de plus sur la d\u00e9pense que nous allons faire dans les toutes prochaines semaines, pour que nous puissions tenir la ligne, tenir ce chemin de d\u00e9sendettement, parce que c&rsquo;est la seule condition pour qu&rsquo;aujourd&rsquo;hui, demain, on arr\u00eate d&rsquo;augmenter la dette et que nous nous redonnions des marges\u00a0\u00bb, a d\u00e9clar\u00e9 la ministre au micro de RMC.<\/p>\n\n\n\n<p>\u00ab\u00a0C&rsquo;est un effort suppl\u00e9mentaire de r\u00e9duction de la d\u00e9pense de 5 milliards, on va d\u00e9penser 5 milliards d&rsquo;euros en moins\u00a0\u00bb, a pr\u00e9cis\u00e9 Am\u00e9lie de Montchalin \u00e0 l&rsquo;AFP.<\/p>\n\n\n\n<p>\u00ab\u00a0Comme la croissance baisse, comme on a moins de recettes et comme certains minist\u00e8res ont de nouveaux besoins, si on veut tenir la cible de d\u00e9ficit, il faut qu&rsquo;il y ait 5 milliards de d\u00e9penses qu&rsquo;on avait pr\u00e9vu de faire, qu&rsquo;on ne va pas faire \u00e0 l&rsquo;endroit o\u00f9 on voulait les faire, soit parce qu&rsquo;elles n&rsquo;auront pas lieu du tout, soit parce qu&rsquo;on les aura r\u00e9allou\u00e9es\u00a0\u00bb, a-t-elle d\u00e9taill\u00e9.<\/p>\n\n\n\n<p>\u00ab\u00a0Ces 5 milliards d&rsquo;euros que nous allons soit annuler, soit repousser, soit r\u00e9orienter, c&rsquo;est notre r\u00e9ponse \u00e0 un monde instable. C&rsquo;est la mani\u00e8re de faire face quoi qu&rsquo;il arrive \u00e0 ce monde instable\u00a0\u00bb, a d\u00e9clar\u00e9 Am\u00e9lie de Montchalin sur RMC.<\/p>\n\n\n\n<p>Elle a notamment soulign\u00e9 l&rsquo;importance pour le gouvernement d&rsquo;avoir \u00ab\u00a0les moyens de soutenir l&rsquo;Ukraine, de r\u00e9armer notre pays\u00a0\u00bb: \u00ab\u00a0dans ces 5 milliards, il y a une partie qui va aller \u00e0 nos d\u00e9penses essentielles de d\u00e9fense\u00a0\u00bb, a indiqu\u00e9 la ministre.<\/p>\n\n\n\n<p>Mme de Montchalin avait indiqu\u00e9 lundi que 9,1 milliards d&rsquo;euros avaient \u00e9t\u00e9 mis en r\u00e9serve.<\/p>\n\n\n\n<p>C&rsquo;est \u00ab\u00a0comme quand un m\u00e9nage met de c\u00f4t\u00e9 pour les jours difficiles [&#8230;] Nous avons mis 9 milliards d&rsquo;euros de r\u00e9serve de c\u00f4t\u00e9, on va en prendre 5.<\/p>\n\n\n\n<p>Une conf\u00e9rence sur les finances publiques est pr\u00e9vue le 15 avril afin d&rsquo;identifier les risques de d\u00e9rapage et prendre des mesures correctives \u00e9ventuelles.<\/p>\n\n\n\n<p>Le gouvernement entend r\u00e9duire le d\u00e9ficit public \u00e0 5,4% en 2025, apr\u00e8s 5,8% l&rsquo;an dernier, avec l&rsquo;ambition de passer sous le maximum europ\u00e9en de 3% du produit int\u00e9rieur brut (PIB) en 2029.<\/p>\n\n\n\n<p>Avant m\u00eame la temp\u00eate douani\u00e8re d\u00e9clench\u00e9e le 2 avril, les incertitudes internationales ont conduit la Banque de France \u00e0 r\u00e9duire de 0,2 point \u00e0 0,7% sa pr\u00e9vision de croissance pour 2025.<\/p>\n\n\n\n<p>A la question de la journaliste de RMC \u00ab\u00a0est-ce que vous maintenez la volont\u00e9 et la promesse de ramener le d\u00e9ficit \u00e0 5,4% du PIB en 2025 contre 5,8% l&rsquo;an dernier, et est-ce que vous esp\u00e9rez toujours que l&rsquo;on puisse atteindre ou passer dessous les 3% d&rsquo;ici 2029?\u00a0\u00bb, Am\u00e9lie de Montchalin a r\u00e9pondu \u00ab\u00a0oui\u00a0\u00bb.<\/p>\n\n\n\n<p>Evoquant \u00ab\u00a0la maladie end\u00e9mique du d\u00e9ficit\u00a0\u00bb, elle a soulign\u00e9 que sa \u00ab\u00a0doctrine, partag\u00e9e par le ministre de l&rsquo;Economie Eric Lombard, est \u00ab\u00a0le quoi qu&rsquo;il arrive: que notre pays puisse faire face ensemble \u00e0 ses priorit\u00e9s existentielles, la d\u00e9fense, la sant\u00e9, l&rsquo;\u00e9ducation\u00a0\u00bb.<\/p>\n","protected":false},"excerpt":{"rendered":"<p>\u00a9 2025 AFP &#8211; La ministre fran\u00e7aise des Comptes publics, Am\u00e9lie de Montchalin, a annonc\u00e9 mercredi un effort suppl\u00e9mentaire de<\/p>\n","protected":false},"author":1,"featured_media":54640,"comment_status":"open","ping_status":"open","sticky":false,"template":"","format":"standard","meta":{"footnotes":""},"categories":[51],"tags":[],"class_list":["post-54639","post","type-post","status-publish","format-standard","has-post-thumbnail","hentry","category-general"],"_links":{"self":[{"href":"https:\/\/dekkbi.com\/index.php?rest_route=\/wp\/v2\/posts\/54639","targetHints":{"allow":["GET"]}}],"collection":[{"href":"https:\/\/dekkbi.com\/index.php?rest_route=\/wp\/v2\/posts"}],"about":[{"href":"https:\/\/dekkbi.com\/index.php?rest_route=\/wp\/v2\/types\/post"}],"author":[{"embeddable":true,"href":"https:\/\/dekkbi.com\/index.php?rest_route=\/wp\/v2\/users\/1"}],"replies":[{"embeddable":true,"href":"https:\/\/dekkbi.com\/index.php?rest_route=%2Fwp%2Fv2%2Fcomments&post=54639"}],"version-history":[{"count":2,"href":"https:\/\/dekkbi.com\/index.php?rest_route=\/wp\/v2\/posts\/54639\/revisions"}],"predecessor-version":[{"id":54642,"href":"https:\/\/dekkbi.com\/index.php?rest_route=\/wp\/v2\/posts\/54639\/revisions\/54642"}],"wp:featuredmedia":[{"embeddable":true,"href":"https:\/\/dekkbi.com\/index.php?rest_route=\/wp\/v2\/media\/54640"}],"wp:attachment":[{"href":"https:\/\/dekkbi.com\/index.php?rest_route=%2Fwp%2Fv2%2Fmedia&parent=54639"}],"wp:term":[{"taxonomy":"category","embeddable":true,"href":"https:\/\/dekkbi.com\/index.php?rest_route=%2Fwp%2Fv2%2Fcategories&post=54639"},{"taxonomy":"post_tag","embeddable":true,"href":"https:\/\/dekkbi.com\/index.php?rest_route=%2Fwp%2Fv2%2Ftags&post=54639"}],"curies":[{"name":"wp","href":"https:\/\/api.w.org\/{rel}","templated":true}]}}