{"id":5463,"date":"2022-12-29T10:08:38","date_gmt":"2022-12-29T10:08:38","guid":{"rendered":"https:\/\/dekkbi.com\/?p=5463"},"modified":"2022-12-29T10:08:39","modified_gmt":"2022-12-29T10:08:39","slug":"abdoul-mbaye-dans-lopposition-sonko-nest-pas-mon-leader","status":"publish","type":"post","link":"https:\/\/dekkbi.com\/?p=5463","title":{"rendered":"Abdoul Mbaye : \u00ab\u00a0Dans l&rsquo;opposition, Sonko n\u2019est pas mon leader\u00a0\u00bb"},"content":{"rendered":"\n<p><a href=\"javascript:updateFontSize(1)\"><\/a><\/p>\n\n\n\n<p>Abdoul Mbaye a fait face \u00e0 la presse, ce mercredi, pour s\u2019exprimer sur l\u2019actualit\u00e9. Il a pr\u00each\u00e9 l\u2019unit\u00e9 de l\u2019opposition, tout en pr\u00e9cisant, cependant, que Sonko n\u2019est pas son leader.<\/p>\n\n\n\n<p>\u00ab\u00a0Il y a des propos qui mettent \u00e0 mal cette opposition. Quand on d\u00e9cide d\u2019un seul coup qu\u2019un tel est le leader de l\u2019opposition, il y a un probl\u00e8me. Il faut une comp\u00e9tition. Moi personnellement il n\u2019est pas mon leader.<br><br>Il a de l\u2019avance en notori\u00e9t\u00e9 sans doute, peut-\u00eatre que \u00e7a se mesure, mais Sonko n\u2019est pas mon leader. Ce n\u2019est pas possible. Demain je peux \u00eatre \u00e0 ses c\u00f4t\u00e9s pour l\u2019aider, pourquoi pas. Mais il n\u2019est pas mon leader. Il faut donc qu\u2019on cesse de se mettre dans des attitudes qui d\u00e9truisent l\u2019unit\u00e9 de l\u2019opposition.\u00a0\u00bb<br><br><strong>Pr\u00e9sidentielle de 2024<br><br><\/strong>\u00ab\u00a0On va vers la pr\u00e9sidentielle. Chacun a ses ambitions. Mais il y a une part de l\u2019organisation de l\u2019\u00e9lection qui rel\u00e8ve de l\u2019unit\u00e9 de l\u2019opposition et il faut y parvenir. Il faut m\u00eame pr\u00e9parer le deuxi\u00e8me tour et la gestion future.<br><br>Comment organiser les soutiens au profit de celui qui va \u00eatre le repr\u00e9sentant de l\u2019opposition? Tout \u00e7a se pr\u00e9pare. Mais \u00e7a ne se pr\u00e9pare pas avec \u00abc\u2019est moi le leader\u00bb ou un tel est le leader et tout le monde derri\u00e8re lui. Non, certains ne vont jamais accepter cela. Moi c\u2019est le S\u00e9n\u00e9gal que je mets en avant, pas un tel ou un tel.\u00a0\u00bb<br><br><strong>Concert de casseroles<\/strong><br><br>\u00ab\u00a0Des concerts de casseroles ont une fois fait tomber un r\u00e9gime en Iran. Moi je sugg\u00e8re m\u00eame que tous ceux qui ont leur v\u00e9hicule klaxonnent \u00e0 minuit, pour venir s&rsquo;ajouter au concert de casseroles.\u00a0\u00bb<\/p>\n","protected":false},"excerpt":{"rendered":"<p>Abdoul Mbaye a fait face \u00e0 la presse, ce mercredi, pour s\u2019exprimer sur l\u2019actualit\u00e9. Il a pr\u00each\u00e9 l\u2019unit\u00e9 de l\u2019opposition,<\/p>\n","protected":false},"author":1,"featured_media":5464,"comment_status":"open","ping_status":"open","sticky":false,"template":"","format":"standard","meta":{"footnotes":""},"categories":[6],"tags":[],"class_list":["post-5463","post","type-post","status-publish","format-standard","has-post-thumbnail","hentry","category-politics"],"_links":{"self":[{"href":"https:\/\/dekkbi.com\/index.php?rest_route=\/wp\/v2\/posts\/5463","targetHints":{"allow":["GET"]}}],"collection":[{"href":"https:\/\/dekkbi.com\/index.php?rest_route=\/wp\/v2\/posts"}],"about":[{"href":"https:\/\/dekkbi.com\/index.php?rest_route=\/wp\/v2\/types\/post"}],"author":[{"embeddable":true,"href":"https:\/\/dekkbi.com\/index.php?rest_route=\/wp\/v2\/users\/1"}],"replies":[{"embeddable":true,"href":"https:\/\/dekkbi.com\/index.php?rest_route=%2Fwp%2Fv2%2Fcomments&post=5463"}],"version-history":[{"count":1,"href":"https:\/\/dekkbi.com\/index.php?rest_route=\/wp\/v2\/posts\/5463\/revisions"}],"predecessor-version":[{"id":5465,"href":"https:\/\/dekkbi.com\/index.php?rest_route=\/wp\/v2\/posts\/5463\/revisions\/5465"}],"wp:featuredmedia":[{"embeddable":true,"href":"https:\/\/dekkbi.com\/index.php?rest_route=\/wp\/v2\/media\/5464"}],"wp:attachment":[{"href":"https:\/\/dekkbi.com\/index.php?rest_route=%2Fwp%2Fv2%2Fmedia&parent=5463"}],"wp:term":[{"taxonomy":"category","embeddable":true,"href":"https:\/\/dekkbi.com\/index.php?rest_route=%2Fwp%2Fv2%2Fcategories&post=5463"},{"taxonomy":"post_tag","embeddable":true,"href":"https:\/\/dekkbi.com\/index.php?rest_route=%2Fwp%2Fv2%2Ftags&post=5463"}],"curies":[{"name":"wp","href":"https:\/\/api.w.org\/{rel}","templated":true}]}}