{"id":54608,"date":"2025-04-09T14:51:03","date_gmt":"2025-04-09T14:51:03","guid":{"rendered":"https:\/\/dekkbi.com\/?p=54608"},"modified":"2025-04-09T15:01:41","modified_gmt":"2025-04-09T15:01:41","slug":"lancement-a-dakar-du-premier-festival-international-du-film-etudiant","status":"publish","type":"post","link":"https:\/\/dekkbi.com\/?p=54608","title":{"rendered":"Lancement \u00e0 Dakar du 1er Festival international du film \u00e9tudiant"},"content":{"rendered":"\n<p>(APS) \u2013 La premi\u00e8re \u00e9dition du Festival international du film \u00e9tudiant qui se veut, entre autres, une invite \u201d\u00e0 r\u00e9fl\u00e9chir ensemble aux enjeux sociaux, culturels et humains\u201d, a \u00e9t\u00e9 officiellement lanc\u00e9e, mardi, \u00e0 l\u2019Universit\u00e9 Cheikh Anta Diop de Dakar ,a constat\u00e9 l\u2019APS.<\/p>\n\n\n\n<p>\u2018\u2019Ce festival nous invite \u00e0 d\u00e9couvrir une richesse de productions cin\u00e9matographiques sign\u00e9e par des \u00e9tudiants, mais aussi pousse \u00e0 r\u00e9fl\u00e9chir ensemble aux enjeux sociaux, culturels et humains&nbsp;qui fa\u00e7onnent notre monde \u00e0 travers le 7<sup>\u00e8me<\/sup>&nbsp;art\u201d, a notamment d\u00e9clar\u00e9 le secr\u00e9taire d\u2019Etat \u00e0 la Culture, aux Industries cr\u00e9atives et au Patrimoine historique en proc\u00e9dant \u00e0 son lancement \u00e0 l\u2019esplanade de la biblioth\u00e8que universitaire.<\/p>\n\n\n\n<p>Bakary Sarr a insist\u00e9 sur l\u2019importance de l\u2019universit\u00e9 qu\u2019il pr\u00e9sente comme \u2018\u2019un lieu de rencontres, de partages et de r\u00e9flexion o\u00f9 la jeunesse peut s\u2019engager autour des questions essentielles de solidarit\u00e9 et de responsabilit\u00e9\u2019\u2019.<\/p>\n\n\n\n<p>Il s\u2019est f\u00e9licit\u00e9 de cette initiative s\u2019inscrivant dans \u201cla continuit\u00e9 d\u2019une \u0153uvre ayant \u00e9t\u00e9 entam\u00e9e (\u2026)par le d\u00e9funt r\u00e9alisateur.<\/p>\n","protected":false},"excerpt":{"rendered":"<p>(APS) \u2013 La premi\u00e8re \u00e9dition du Festival international du film \u00e9tudiant qui se veut, entre autres, une invite \u201d\u00e0 r\u00e9fl\u00e9chir<\/p>\n","protected":false},"author":1,"featured_media":54609,"comment_status":"open","ping_status":"open","sticky":false,"template":"","format":"standard","meta":{"footnotes":""},"categories":[26],"tags":[],"class_list":["post-54608","post","type-post","status-publish","format-standard","has-post-thumbnail","hentry","category-fait-divers"],"_links":{"self":[{"href":"https:\/\/dekkbi.com\/index.php?rest_route=\/wp\/v2\/posts\/54608","targetHints":{"allow":["GET"]}}],"collection":[{"href":"https:\/\/dekkbi.com\/index.php?rest_route=\/wp\/v2\/posts"}],"about":[{"href":"https:\/\/dekkbi.com\/index.php?rest_route=\/wp\/v2\/types\/post"}],"author":[{"embeddable":true,"href":"https:\/\/dekkbi.com\/index.php?rest_route=\/wp\/v2\/users\/1"}],"replies":[{"embeddable":true,"href":"https:\/\/dekkbi.com\/index.php?rest_route=%2Fwp%2Fv2%2Fcomments&post=54608"}],"version-history":[{"count":2,"href":"https:\/\/dekkbi.com\/index.php?rest_route=\/wp\/v2\/posts\/54608\/revisions"}],"predecessor-version":[{"id":54619,"href":"https:\/\/dekkbi.com\/index.php?rest_route=\/wp\/v2\/posts\/54608\/revisions\/54619"}],"wp:featuredmedia":[{"embeddable":true,"href":"https:\/\/dekkbi.com\/index.php?rest_route=\/wp\/v2\/media\/54609"}],"wp:attachment":[{"href":"https:\/\/dekkbi.com\/index.php?rest_route=%2Fwp%2Fv2%2Fmedia&parent=54608"}],"wp:term":[{"taxonomy":"category","embeddable":true,"href":"https:\/\/dekkbi.com\/index.php?rest_route=%2Fwp%2Fv2%2Fcategories&post=54608"},{"taxonomy":"post_tag","embeddable":true,"href":"https:\/\/dekkbi.com\/index.php?rest_route=%2Fwp%2Fv2%2Ftags&post=54608"}],"curies":[{"name":"wp","href":"https:\/\/api.w.org\/{rel}","templated":true}]}}